{"id":1206,"date":"2025-09-15T09:27:32","date_gmt":"2025-09-15T07:27:32","guid":{"rendered":"https:\/\/www.sainte-trinite.fr\/blog\/?p=1206"},"modified":"2025-09-15T09:27:58","modified_gmt":"2025-09-15T07:27:58","slug":"assemblee-generale-de-lapel-le-vendredi-3-octobre","status":"publish","type":"post","link":"http:\/\/www.sainte-trinite.fr\/blog\/assemblee-generale-de-lapel-le-vendredi-3-octobre\/","title":{"rendered":"Assembl\u00e9e G\u00e9n\u00e9rale de l&rsquo;APEL le vendredi 3 octobre"},"content":{"rendered":"<p><img loading=\"lazy\" class=\"alignnone wp-image-1207\" src=\"http:\/\/www.sainte-trinite.fr\/blog\/wp-content\/uploads\/2025\/09\/Capture-de\u0301cran-2025-09-15-a\u0300-09.24.48-228x300.png\" alt=\"\" width=\"732\" height=\"963\" srcset=\"http:\/\/www.sainte-trinite.fr\/blog\/wp-content\/uploads\/2025\/09\/Capture-de\u0301cran-2025-09-15-a\u0300-09.24.48-228x300.png 228w, http:\/\/www.sainte-trinite.fr\/blog\/wp-content\/uploads\/2025\/09\/Capture-de\u0301cran-2025-09-15-a\u0300-09.24.48-779x1024.png 779w, http:\/\/www.sainte-trinite.fr\/blog\/wp-content\/uploads\/2025\/09\/Capture-de\u0301cran-2025-09-15-a\u0300-09.24.48-768x1009.png 768w, http:\/\/www.sainte-trinite.fr\/blog\/wp-content\/uploads\/2025\/09\/Capture-de\u0301cran-2025-09-15-a\u0300-09.24.48-946x1243.png 946w, http:\/\/www.sainte-trinite.fr\/blog\/wp-content\/uploads\/2025\/09\/Capture-de\u0301cran-2025-09-15-a\u0300-09.24.48-675x887.png 675w, http:\/\/www.sainte-trinite.fr\/blog\/wp-content\/uploads\/2025\/09\/Capture-de\u0301cran-2025-09-15-a\u0300-09.24.48-480x631.png 480w, http:\/\/www.sainte-trinite.fr\/blog\/wp-content\/uploads\/2025\/09\/Capture-de\u0301cran-2025-09-15-a\u0300-09.24.48.png 1000w\" sizes=\"(max-width: 732px) 100vw, 732px\" \/><\/p>\n<p>&nbsp;<\/p>\n<p><img loading=\"lazy\" class=\"alignnone wp-image-1208\" src=\"http:\/\/www.sainte-trinite.fr\/blog\/wp-content\/uploads\/2025\/09\/Capture-de\u0301cran-2025-09-15-a\u0300-09.25.52-238x300.png\" alt=\"\" width=\"720\" height=\"908\" srcset=\"http:\/\/www.sainte-trinite.fr\/blog\/wp-content\/uploads\/2025\/09\/Capture-de\u0301cran-2025-09-15-a\u0300-09.25.52-238x300.png 238w, http:\/\/www.sainte-trinite.fr\/blog\/wp-content\/uploads\/2025\/09\/Capture-de\u0301cran-2025-09-15-a\u0300-09.25.52-812x1024.png 812w, http:\/\/www.sainte-trinite.fr\/blog\/wp-content\/uploads\/2025\/09\/Capture-de\u0301cran-2025-09-15-a\u0300-09.25.52-768x968.png 768w, http:\/\/www.sainte-trinite.fr\/blog\/wp-content\/uploads\/2025\/09\/Capture-de\u0301cran-2025-09-15-a\u0300-09.25.52-946x1193.png 946w, http:\/\/www.sainte-trinite.fr\/blog\/wp-content\/uploads\/2025\/09\/Capture-de\u0301cran-2025-09-15-a\u0300-09.25.52-675x851.png 675w, http:\/\/www.sainte-trinite.fr\/blog\/wp-content\/uploads\/2025\/09\/Capture-de\u0301cran-2025-09-15-a\u0300-09.25.52-480x605.png 480w, http:\/\/www.sainte-trinite.fr\/blog\/wp-content\/uploads\/2025\/09\/Capture-de\u0301cran-2025-09-15-a\u0300-09.25.52.png 1142w\" sizes=\"(max-width: 720px) 100vw, 720px\" \/><\/p>\n","protected":false},"excerpt":{"rendered":"<p>&nbsp;<\/p>\n","protected":false},"author":4,"featured_media":0,"comment_status":"closed","ping_status":"open","sticky":false,"template":"","format":"standard","meta":[],"categories":[26],"tags":[],"_links":{"self":[{"href":"http:\/\/www.sainte-trinite.fr\/blog\/wp-json\/wp\/v2\/posts\/1206"}],"collection":[{"href":"http:\/\/www.sainte-trinite.fr\/blog\/wp-json\/wp\/v2\/posts"}],"about":[{"href":"http:\/\/www.sainte-trinite.fr\/blog\/wp-json\/wp\/v2\/types\/post"}],"author":[{"embeddable":true,"href":"http:\/\/www.sainte-trinite.fr\/blog\/wp-json\/wp\/v2\/users\/4"}],"replies":[{"embeddable":true,"href":"http:\/\/www.sainte-trinite.fr\/blog\/wp-json\/wp\/v2\/comments?post=1206"}],"version-history":[{"count":2,"href":"http:\/\/www.sainte-trinite.fr\/blog\/wp-json\/wp\/v2\/posts\/1206\/revisions"}],"predecessor-version":[{"id":1210,"href":"http:\/\/www.sainte-trinite.fr\/blog\/wp-json\/wp\/v2\/posts\/1206\/revisions\/1210"}],"wp:attachment":[{"href":"http:\/\/www.sainte-trinite.fr\/blog\/wp-json\/wp\/v2\/media?parent=1206"}],"wp:term":[{"taxonomy":"category","embeddable":true,"href":"http:\/\/www.sainte-trinite.fr\/blog\/wp-json\/wp\/v2\/categories?post=1206"},{"taxonomy":"post_tag","embeddable":true,"href":"http:\/\/www.sainte-trinite.fr\/blog\/wp-json\/wp\/v2\/tags?post=1206"}],"curies":[{"name":"wp","href":"https:\/\/api.w.org\/{rel}","templated":true}]}}