{"id":410,"date":"2021-11-30T18:33:55","date_gmt":"2021-11-30T17:33:55","guid":{"rendered":"http:\/\/www.sainte-trinite.fr\/blog\/?p=410"},"modified":"2021-11-30T18:35:48","modified_gmt":"2021-11-30T17:35:48","slug":"apel-calendrier-de-decembre","status":"publish","type":"post","link":"http:\/\/www.sainte-trinite.fr\/blog\/apel-calendrier-de-decembre\/","title":{"rendered":"APEL : calendrier de d\u00e9cembre"},"content":{"rendered":"<p><em>L&rsquo;APEL se mobilise dans l&rsquo;\u00e9tablissement en d\u00e9cembre :<\/em><\/p>\n<p>* d\u00e8s ce soir : les \u00e9l\u00e8ves et personnels ont d\u00e9couvert plusieurs <strong>sapins d\u00e9cor\u00e9s<\/strong> dans l&rsquo;\u00e9tablissement<\/p>\n<p>* pour les enfants de maternelles (ou les plus grands !) : la <strong>bo\u00eete aux lettres du P\u00e8re No\u00ebl<\/strong>, juste \u00e0 c\u00f4t\u00e9 du sapin<\/p>\n<p>* toute cette semaine : <strong>vente de bl\u00e9 pour la Sainte-Barbe<\/strong> (\u00e0 semer le 4 d\u00e9cembre) dans les classes du primaire + <strong>vendredi 3 d\u00e9cembre<\/strong> : vente \u00e0 16h30 \u00e0 la sortie de l&rsquo;\u00e9tablissement<\/p>\n<p>* et n&rsquo;oubliez pas <span style=\"color: #800080;\"><strong>samedi toute la journ\u00e9e (10h-17h, accueil Tassigny) : collecte de jouets et livres usag\u00e9s + photo avec le P\u00e8re No\u00ebl + buffet de gourmandises : venez nombreux ! <\/strong><span style=\"color: #000000;\">La <strong>C<\/strong><\/span><\/span><span style=\"color: #800080;\"><span style=\"color: #000000;\"><strong>ommunaut\u00e9 Trinitaire<\/strong> sera \u00e9galement pr\u00e9sente pour le <strong>march\u00e9 de No\u00ebl<\/strong> au profit des missions, et pour pr\u00e9senter le parrainage d&rsquo;\u00e9l\u00e8ves de notre <strong>\u00e9cole jumel\u00e9e \u00e0 Madagascar.<\/strong><\/span><\/span><\/p>\n<p>&nbsp;<\/p>\n<p><em><img loading=\"lazy\" class=\"alignnone size-medium wp-image-409\" src=\"http:\/\/www.sainte-trinite.fr\/blog\/wp-content\/uploads\/2021\/11\/sapin-meternelle-169x300.jpg\" alt=\"\" width=\"169\" height=\"300\" srcset=\"http:\/\/www.sainte-trinite.fr\/blog\/wp-content\/uploads\/2021\/11\/sapin-meternelle-169x300.jpg 169w, http:\/\/www.sainte-trinite.fr\/blog\/wp-content\/uploads\/2021\/11\/sapin-meternelle-576x1024.jpg 576w, http:\/\/www.sainte-trinite.fr\/blog\/wp-content\/uploads\/2021\/11\/sapin-meternelle-768x1365.jpg 768w, http:\/\/www.sainte-trinite.fr\/blog\/wp-content\/uploads\/2021\/11\/sapin-meternelle-864x1536.jpg 864w, http:\/\/www.sainte-trinite.fr\/blog\/wp-content\/uploads\/2021\/11\/sapin-meternelle-946x1682.jpg 946w, http:\/\/www.sainte-trinite.fr\/blog\/wp-content\/uploads\/2021\/11\/sapin-meternelle-675x1200.jpg 675w, http:\/\/www.sainte-trinite.fr\/blog\/wp-content\/uploads\/2021\/11\/sapin-meternelle-480x853.jpg 480w, http:\/\/www.sainte-trinite.fr\/blog\/wp-content\/uploads\/2021\/11\/sapin-meternelle.jpg 1080w\" sizes=\"(max-width: 169px) 100vw, 169px\" \/><\/em><\/p>\n<p><img loading=\"lazy\" class=\"alignnone size-medium wp-image-408\" src=\"http:\/\/www.sainte-trinite.fr\/blog\/wp-content\/uploads\/2021\/11\/sapin-lyce\u0301e-169x300.jpg\" alt=\"\" width=\"169\" height=\"300\" srcset=\"http:\/\/www.sainte-trinite.fr\/blog\/wp-content\/uploads\/2021\/11\/sapin-lyce\u0301e-169x300.jpg 169w, http:\/\/www.sainte-trinite.fr\/blog\/wp-content\/uploads\/2021\/11\/sapin-lyce\u0301e-576x1024.jpg 576w, http:\/\/www.sainte-trinite.fr\/blog\/wp-content\/uploads\/2021\/11\/sapin-lyce\u0301e-768x1365.jpg 768w, http:\/\/www.sainte-trinite.fr\/blog\/wp-content\/uploads\/2021\/11\/sapin-lyce\u0301e-864x1536.jpg 864w, http:\/\/www.sainte-trinite.fr\/blog\/wp-content\/uploads\/2021\/11\/sapin-lyce\u0301e-946x1682.jpg 946w, http:\/\/www.sainte-trinite.fr\/blog\/wp-content\/uploads\/2021\/11\/sapin-lyce\u0301e-675x1200.jpg 675w, http:\/\/www.sainte-trinite.fr\/blog\/wp-content\/uploads\/2021\/11\/sapin-lyce\u0301e-480x853.jpg 480w, http:\/\/www.sainte-trinite.fr\/blog\/wp-content\/uploads\/2021\/11\/sapin-lyce\u0301e.jpg 1080w\" sizes=\"(max-width: 169px) 100vw, 169px\" \/><\/p>\n","protected":false},"excerpt":{"rendered":"<p>L&rsquo;APEL se mobilise dans l&rsquo;\u00e9tablissement en d\u00e9cembre : * d\u00e8s ce soir : les \u00e9l\u00e8ves et personnels ont d\u00e9couvert plusieurs sapins d\u00e9cor\u00e9s dans l&rsquo;\u00e9tablissement * pour les enfants de maternelles (ou les plus grands !) : la bo\u00eete aux lettres du P\u00e8re No\u00ebl, juste \u00e0 c\u00f4t\u00e9 du sapin * toute cette semaine : vente de bl\u00e9 pour la Sainte-Barbe (\u00e0 semer le 4 d\u00e9cembre) dans les classes du primaire + vendredi 3 d\u00e9cembre : vente \u00e0 16h30 \u00e0 la sortie de l&rsquo;\u00e9tablissement * et n&rsquo;oubliez pas samedi toute la journ\u00e9e (10h-17h, accueil Tassigny) : collecte de jouets et livres usag\u00e9s + photo avec le P\u00e8re No\u00ebl + buffet de gourmandises : venez nombreux ! La Communaut\u00e9 Trinitaire sera \u00e9galement pr\u00e9sente pour le march\u00e9 de No\u00ebl au profit des missions, et pour pr\u00e9senter le parrainage d&rsquo;\u00e9l\u00e8ves de notre \u00e9cole jumel\u00e9e \u00e0 Madagascar. &nbsp;<\/p>\n","protected":false},"author":4,"featured_media":407,"comment_status":"closed","ping_status":"open","sticky":false,"template":"","format":"standard","meta":[],"categories":[26],"tags":[47],"_links":{"self":[{"href":"http:\/\/www.sainte-trinite.fr\/blog\/wp-json\/wp\/v2\/posts\/410"}],"collection":[{"href":"http:\/\/www.sainte-trinite.fr\/blog\/wp-json\/wp\/v2\/posts"}],"about":[{"href":"http:\/\/www.sainte-trinite.fr\/blog\/wp-json\/wp\/v2\/types\/post"}],"author":[{"embeddable":true,"href":"http:\/\/www.sainte-trinite.fr\/blog\/wp-json\/wp\/v2\/users\/4"}],"replies":[{"embeddable":true,"href":"http:\/\/www.sainte-trinite.fr\/blog\/wp-json\/wp\/v2\/comments?post=410"}],"version-history":[{"count":5,"href":"http:\/\/www.sainte-trinite.fr\/blog\/wp-json\/wp\/v2\/posts\/410\/revisions"}],"predecessor-version":[{"id":415,"href":"http:\/\/www.sainte-trinite.fr\/blog\/wp-json\/wp\/v2\/posts\/410\/revisions\/415"}],"wp:featuredmedia":[{"embeddable":true,"href":"http:\/\/www.sainte-trinite.fr\/blog\/wp-json\/wp\/v2\/media\/407"}],"wp:attachment":[{"href":"http:\/\/www.sainte-trinite.fr\/blog\/wp-json\/wp\/v2\/media?parent=410"}],"wp:term":[{"taxonomy":"category","embeddable":true,"href":"http:\/\/www.sainte-trinite.fr\/blog\/wp-json\/wp\/v2\/categories?post=410"},{"taxonomy":"post_tag","embeddable":true,"href":"http:\/\/www.sainte-trinite.fr\/blog\/wp-json\/wp\/v2\/tags?post=410"}],"curies":[{"name":"wp","href":"https:\/\/api.w.org\/{rel}","templated":true}]}}