{"id":657,"date":"2022-07-09T09:55:49","date_gmt":"2022-07-09T07:55:49","guid":{"rendered":"http:\/\/www.sainte-trinite.fr\/blog\/?p=657"},"modified":"2022-07-09T11:12:01","modified_gmt":"2022-07-09T09:12:01","slug":"de-decembre-a-juin","status":"publish","type":"post","link":"http:\/\/www.sainte-trinite.fr\/blog\/de-decembre-a-juin\/","title":{"rendered":"De d\u00e9cembre \u00e0 juin&#8230;"},"content":{"rendered":"<p><strong>Pastorale&#8230;de d\u00e9cembre \u00e0 juin 2021 2022 !<\/strong><\/p>\n<p>R\u00e9trospective sur les diff\u00e9rents temps v\u00e9cus en Pastorale. <em>Articles et photos<\/em><\/p>\n<div class=\"foogallery-tinymce-toolbar\">\n<div class=\"foogallery foogallery-container foogallery-default foogallery-lightbox-foobox fg-gutter-0 fg-left fg-default fg-light fg-border-thin fg-shadow-outline fg-loading-default fg-loaded-fade-in fg-caption-hover fg-hover-fade fg-hover-zoom fg-ready\" id=\"foogallery-gallery-664\" data-foogallery=\"{&quot;item&quot;:{&quot;showCaptionTitle&quot;:false,&quot;showCaptionDescription&quot;:false},&quot;lazy&quot;:true}\" >\r\n\t<div class=\"fg-item fg-idle fg-type-image\"><figure class=\"fg-item-inner\"><a href=\"http:\/\/www.sainte-trinite.fr\/blog\/wp-content\/uploads\/2022\/07\/Les-3-gateaux-trinitaires-gagnants.jpg\" data-attachment-id=\"711\" class=\"fg-thumb\"><span class=\"fg-image-wrap\"><img width=\"150\" height=\"150\" data-src-fg=\"http:\/\/www.sainte-trinite.fr\/blog\/wp-content\/uploads\/cache\/2022\/07\/Les-3-gateaux-trinitaires-gagnants\/80831347.jpg\" src=\"data:image\/svg+xml,%3Csvg%20xmlns=%22http:\/\/www.w3.org\/2000\/svg%22%20viewBox=%220%200%20150%20150%22%3E%3C\/svg%3E\" class=\"fg-image\" \/><\/span><span class=\"fg-image-overlay\"><\/span><\/a><figcaption class=\"fg-caption\"><div class=\"fg-caption-inner\"><\/div><\/figcaption><\/figure><div class=\"fg-loader\"><\/div><\/div><div class=\"fg-item fg-idle fg-type-image\"><figure class=\"fg-item-inner\"><a href=\"http:\/\/www.sainte-trinite.fr\/blog\/wp-content\/uploads\/2022\/07\/Gateaux-trinitaires3.jpg\" data-attachment-id=\"710\" class=\"fg-thumb\"><span class=\"fg-image-wrap\"><img width=\"150\" height=\"150\" data-src-fg=\"http:\/\/www.sainte-trinite.fr\/blog\/wp-content\/uploads\/cache\/2022\/07\/Gateaux-trinitaires3\/3127902991.jpg\" src=\"data:image\/svg+xml,%3Csvg%20xmlns=%22http:\/\/www.w3.org\/2000\/svg%22%20viewBox=%220%200%20150%20150%22%3E%3C\/svg%3E\" class=\"fg-image\" \/><\/span><span class=\"fg-image-overlay\"><\/span><\/a><figcaption class=\"fg-caption\"><div class=\"fg-caption-inner\"><\/div><\/figcaption><\/figure><div class=\"fg-loader\"><\/div><\/div><div class=\"fg-item fg-idle fg-type-image\"><figure class=\"fg-item-inner\"><a href=\"http:\/\/www.sainte-trinite.fr\/blog\/wp-content\/uploads\/2022\/07\/Gateaux-trinitaires1.jpg\" data-attachment-id=\"705\" class=\"fg-thumb\"><span class=\"fg-image-wrap\"><img width=\"150\" height=\"150\" data-src-fg=\"http:\/\/www.sainte-trinite.fr\/blog\/wp-content\/uploads\/cache\/2022\/07\/Gateaux-trinitaires1\/80823779.jpg\" src=\"data:image\/svg+xml,%3Csvg%20xmlns=%22http:\/\/www.w3.org\/2000\/svg%22%20viewBox=%220%200%20150%20150%22%3E%3C\/svg%3E\" class=\"fg-image\" \/><\/span><span class=\"fg-image-overlay\"><\/span><\/a><figcaption class=\"fg-caption\"><div class=\"fg-caption-inner\"><\/div><\/figcaption><\/figure><div class=\"fg-loader\"><\/div><\/div><div class=\"fg-item fg-idle fg-type-image\"><figure class=\"fg-item-inner\"><a href=\"http:\/\/www.sainte-trinite.fr\/blog\/wp-content\/uploads\/2022\/07\/Gateaux-trinitaires.jpg\" data-attachment-id=\"704\" class=\"fg-thumb\"><span class=\"fg-image-wrap\"><img width=\"150\" height=\"150\" data-src-fg=\"http:\/\/www.sainte-trinite.fr\/blog\/wp-content\/uploads\/cache\/2022\/07\/Gateaux-trinitaires\/2540576504.jpg\" src=\"data:image\/svg+xml,%3Csvg%20xmlns=%22http:\/\/www.w3.org\/2000\/svg%22%20viewBox=%220%200%20150%20150%22%3E%3C\/svg%3E\" class=\"fg-image\" \/><\/span><span class=\"fg-image-overlay\"><\/span><\/a><figcaption class=\"fg-caption\"><div class=\"fg-caption-inner\"><\/div><\/figcaption><\/figure><div class=\"fg-loader\"><\/div><\/div><div class=\"fg-item fg-idle fg-type-image\"><figure class=\"fg-item-inner\"><a href=\"http:\/\/www.sainte-trinite.fr\/blog\/wp-content\/uploads\/2022\/07\/Fete-des-talents.jpg\" data-attachment-id=\"703\" class=\"fg-thumb\"><span class=\"fg-image-wrap\"><img width=\"150\" height=\"150\" data-src-fg=\"http:\/\/www.sainte-trinite.fr\/blog\/wp-content\/uploads\/cache\/2022\/07\/Fete-des-talents\/1431207895.jpg\" src=\"data:image\/svg+xml,%3Csvg%20xmlns=%22http:\/\/www.w3.org\/2000\/svg%22%20viewBox=%220%200%20150%20150%22%3E%3C\/svg%3E\" class=\"fg-image\" \/><\/span><span class=\"fg-image-overlay\"><\/span><\/a><figcaption class=\"fg-caption\"><div class=\"fg-caption-inner\"><\/div><\/figcaption><\/figure><div class=\"fg-loader\"><\/div><\/div><div class=\"fg-item fg-idle fg-type-image\"><figure class=\"fg-item-inner\"><a href=\"http:\/\/www.sainte-trinite.fr\/blog\/wp-content\/uploads\/2022\/07\/Fete-des-talents-1-1.jpg\" data-attachment-id=\"702\" class=\"fg-thumb\"><span class=\"fg-image-wrap\"><img width=\"150\" height=\"150\" data-src-fg=\"http:\/\/www.sainte-trinite.fr\/blog\/wp-content\/uploads\/cache\/2022\/07\/Fete-des-talents-1-1\/962756789.jpg\" src=\"data:image\/svg+xml,%3Csvg%20xmlns=%22http:\/\/www.w3.org\/2000\/svg%22%20viewBox=%220%200%20150%20150%22%3E%3C\/svg%3E\" class=\"fg-image\" \/><\/span><span class=\"fg-image-overlay\"><\/span><\/a><figcaption class=\"fg-caption\"><div class=\"fg-caption-inner\"><\/div><\/figcaption><\/figure><div class=\"fg-loader\"><\/div><\/div><div class=\"fg-item fg-idle fg-type-image\"><figure class=\"fg-item-inner\"><a href=\"http:\/\/www.sainte-trinite.fr\/blog\/wp-content\/uploads\/2022\/07\/Celebration-Paques-maternelle-1.jpg\" data-attachment-id=\"701\" class=\"fg-thumb\"><span class=\"fg-image-wrap\"><img width=\"150\" height=\"150\" data-src-fg=\"http:\/\/www.sainte-trinite.fr\/blog\/wp-content\/uploads\/cache\/2022\/07\/Celebration-Paques-maternelle-1\/682779066.jpg\" src=\"data:image\/svg+xml,%3Csvg%20xmlns=%22http:\/\/www.w3.org\/2000\/svg%22%20viewBox=%220%200%20150%20150%22%3E%3C\/svg%3E\" class=\"fg-image\" \/><\/span><span class=\"fg-image-overlay\"><\/span><\/a><figcaption class=\"fg-caption\"><div class=\"fg-caption-inner\"><\/div><\/figcaption><\/figure><div class=\"fg-loader\"><\/div><\/div><div class=\"fg-item fg-idle fg-type-image\"><figure class=\"fg-item-inner\"><a href=\"http:\/\/www.sainte-trinite.fr\/blog\/wp-content\/uploads\/2022\/07\/Celebration-de-la-Trinite-2.jpg\" data-attachment-id=\"700\" class=\"fg-thumb\"><span class=\"fg-image-wrap\"><img width=\"150\" height=\"150\" data-src-fg=\"http:\/\/www.sainte-trinite.fr\/blog\/wp-content\/uploads\/cache\/2022\/07\/Celebration-de-la-Trinite-2\/3404766309.jpg\" src=\"data:image\/svg+xml,%3Csvg%20xmlns=%22http:\/\/www.w3.org\/2000\/svg%22%20viewBox=%220%200%20150%20150%22%3E%3C\/svg%3E\" class=\"fg-image\" \/><\/span><span class=\"fg-image-overlay\"><\/span><\/a><figcaption class=\"fg-caption\"><div class=\"fg-caption-inner\"><\/div><\/figcaption><\/figure><div class=\"fg-loader\"><\/div><\/div><div class=\"fg-item fg-idle fg-type-image\"><figure class=\"fg-item-inner\"><a href=\"http:\/\/www.sainte-trinite.fr\/blog\/wp-content\/uploads\/2022\/07\/Celebration-de-la-trinite-les-terminales-et-maternelles.jpg\" data-attachment-id=\"699\" class=\"fg-thumb\"><span class=\"fg-image-wrap\"><img width=\"150\" height=\"150\" data-src-fg=\"http:\/\/www.sainte-trinite.fr\/blog\/wp-content\/uploads\/cache\/2022\/07\/Celebration-de-la-trinite-les-terminales-et-maternelles\/3270384579.jpg\" src=\"data:image\/svg+xml,%3Csvg%20xmlns=%22http:\/\/www.w3.org\/2000\/svg%22%20viewBox=%220%200%20150%20150%22%3E%3C\/svg%3E\" class=\"fg-image\" \/><\/span><span class=\"fg-image-overlay\"><\/span><\/a><figcaption class=\"fg-caption\"><div class=\"fg-caption-inner\"><\/div><\/figcaption><\/figure><div class=\"fg-loader\"><\/div><\/div><div class=\"fg-item fg-idle fg-type-image\"><figure class=\"fg-item-inner\"><a href=\"http:\/\/www.sainte-trinite.fr\/blog\/wp-content\/uploads\/2022\/07\/St-Jean-de-Matha.jpg\" data-attachment-id=\"709\" class=\"fg-thumb\"><span class=\"fg-image-wrap\"><img width=\"150\" height=\"150\" data-src-fg=\"http:\/\/www.sainte-trinite.fr\/blog\/wp-content\/uploads\/cache\/2022\/07\/St-Jean-de-Matha\/729492287.jpg\" src=\"data:image\/svg+xml,%3Csvg%20xmlns=%22http:\/\/www.w3.org\/2000\/svg%22%20viewBox=%220%200%20150%20150%22%3E%3C\/svg%3E\" class=\"fg-image\" \/><\/span><span class=\"fg-image-overlay\"><\/span><\/a><figcaption class=\"fg-caption\"><div class=\"fg-caption-inner\"><\/div><\/figcaption><\/figure><div class=\"fg-loader\"><\/div><\/div><div class=\"fg-item fg-idle fg-type-image\"><figure class=\"fg-item-inner\"><a href=\"http:\/\/www.sainte-trinite.fr\/blog\/wp-content\/uploads\/2022\/07\/St-Jean-de-Matha-3.jpg\" data-attachment-id=\"708\" class=\"fg-thumb\"><span class=\"fg-image-wrap\"><img width=\"150\" height=\"150\" data-src-fg=\"http:\/\/www.sainte-trinite.fr\/blog\/wp-content\/uploads\/cache\/2022\/07\/St-Jean-de-Matha-3\/1183014993.jpg\" src=\"data:image\/svg+xml,%3Csvg%20xmlns=%22http:\/\/www.w3.org\/2000\/svg%22%20viewBox=%220%200%20150%20150%22%3E%3C\/svg%3E\" class=\"fg-image\" \/><\/span><span class=\"fg-image-overlay\"><\/span><\/a><figcaption class=\"fg-caption\"><div class=\"fg-caption-inner\"><\/div><\/figcaption><\/figure><div class=\"fg-loader\"><\/div><\/div><div class=\"fg-item fg-idle fg-type-image\"><figure class=\"fg-item-inner\"><a href=\"http:\/\/www.sainte-trinite.fr\/blog\/wp-content\/uploads\/2022\/07\/St-Jean-de-Matha-2.jpg\" data-attachment-id=\"707\" class=\"fg-thumb\"><span class=\"fg-image-wrap\"><img width=\"150\" height=\"150\" data-src-fg=\"http:\/\/www.sainte-trinite.fr\/blog\/wp-content\/uploads\/cache\/2022\/07\/St-Jean-de-Matha-2\/2601598818.jpg\" src=\"data:image\/svg+xml,%3Csvg%20xmlns=%22http:\/\/www.w3.org\/2000\/svg%22%20viewBox=%220%200%20150%20150%22%3E%3C\/svg%3E\" class=\"fg-image\" \/><\/span><span class=\"fg-image-overlay\"><\/span><\/a><figcaption class=\"fg-caption\"><div class=\"fg-caption-inner\"><\/div><\/figcaption><\/figure><div class=\"fg-loader\"><\/div><\/div><div class=\"fg-item fg-idle fg-type-image\"><figure class=\"fg-item-inner\"><a href=\"http:\/\/www.sainte-trinite.fr\/blog\/wp-content\/uploads\/2022\/07\/Celebration-de-la-Trinite-1-1.jpg\" data-attachment-id=\"698\" class=\"fg-thumb\"><span class=\"fg-image-wrap\"><img width=\"150\" height=\"150\" data-src-fg=\"http:\/\/www.sainte-trinite.fr\/blog\/wp-content\/uploads\/cache\/2022\/07\/Celebration-de-la-Trinite-1-1\/1959606700.jpg\" src=\"data:image\/svg+xml,%3Csvg%20xmlns=%22http:\/\/www.w3.org\/2000\/svg%22%20viewBox=%220%200%20150%20150%22%3E%3C\/svg%3E\" class=\"fg-image\" \/><\/span><span class=\"fg-image-overlay\"><\/span><\/a><figcaption class=\"fg-caption\"><div class=\"fg-caption-inner\"><\/div><\/figcaption><\/figure><div class=\"fg-loader\"><\/div><\/div><div class=\"fg-item fg-idle fg-type-image\"><figure class=\"fg-item-inner\"><a href=\"http:\/\/www.sainte-trinite.fr\/blog\/wp-content\/uploads\/2022\/07\/Confirmation-1.jpg\" data-attachment-id=\"697\" class=\"fg-thumb\"><span class=\"fg-image-wrap\"><img width=\"150\" height=\"150\" data-src-fg=\"http:\/\/www.sainte-trinite.fr\/blog\/wp-content\/uploads\/cache\/2022\/07\/Confirmation-1\/1794679299.jpg\" src=\"data:image\/svg+xml,%3Csvg%20xmlns=%22http:\/\/www.w3.org\/2000\/svg%22%20viewBox=%220%200%20150%20150%22%3E%3C\/svg%3E\" class=\"fg-image\" \/><\/span><span class=\"fg-image-overlay\"><\/span><\/a><figcaption class=\"fg-caption\"><div class=\"fg-caption-inner\"><\/div><\/figcaption><\/figure><div class=\"fg-loader\"><\/div><\/div><div class=\"fg-item fg-idle fg-type-image\"><figure class=\"fg-item-inner\"><a href=\"http:\/\/www.sainte-trinite.fr\/blog\/wp-content\/uploads\/2022\/07\/Cierge-depose-pour-Ste-Trinite-a-Lourdes-1.jpg\" data-attachment-id=\"696\" class=\"fg-thumb\"><span class=\"fg-image-wrap\"><img width=\"150\" height=\"150\" data-src-fg=\"http:\/\/www.sainte-trinite.fr\/blog\/wp-content\/uploads\/cache\/2022\/07\/Cierge-depose-pour-Ste-Trinite-a-Lourdes-1\/1049132839.jpg\" src=\"data:image\/svg+xml,%3Csvg%20xmlns=%22http:\/\/www.w3.org\/2000\/svg%22%20viewBox=%220%200%20150%20150%22%3E%3C\/svg%3E\" class=\"fg-image\" \/><\/span><span class=\"fg-image-overlay\"><\/span><\/a><figcaption class=\"fg-caption\"><div class=\"fg-caption-inner\"><\/div><\/figcaption><\/figure><div class=\"fg-loader\"><\/div><\/div><div class=\"fg-item fg-idle fg-type-image\"><figure class=\"fg-item-inner\"><a href=\"http:\/\/www.sainte-trinite.fr\/blog\/wp-content\/uploads\/2022\/07\/Chemin-de-croix-CM1-1.jpg\" data-attachment-id=\"695\" class=\"fg-thumb\"><span class=\"fg-image-wrap\"><img width=\"150\" height=\"150\" data-src-fg=\"http:\/\/www.sainte-trinite.fr\/blog\/wp-content\/uploads\/cache\/2022\/07\/Chemin-de-croix-CM1-1\/1597496168.jpg\" src=\"data:image\/svg+xml,%3Csvg%20xmlns=%22http:\/\/www.w3.org\/2000\/svg%22%20viewBox=%220%200%20150%20150%22%3E%3C\/svg%3E\" class=\"fg-image\" \/><\/span><span class=\"fg-image-overlay\"><\/span><\/a><figcaption class=\"fg-caption\"><div class=\"fg-caption-inner\"><\/div><\/figcaption><\/figure><div class=\"fg-loader\"><\/div><\/div><div class=\"fg-item fg-idle fg-type-image\"><figure class=\"fg-item-inner\"><a href=\"http:\/\/www.sainte-trinite.fr\/blog\/wp-content\/uploads\/2022\/07\/Chapelle-Paques-Primaire-1.jpg\" data-attachment-id=\"694\" class=\"fg-thumb\"><span class=\"fg-image-wrap\"><img width=\"150\" height=\"150\" data-src-fg=\"http:\/\/www.sainte-trinite.fr\/blog\/wp-content\/uploads\/cache\/2022\/07\/Chapelle-Paques-Primaire-1\/2580457870.jpg\" src=\"data:image\/svg+xml,%3Csvg%20xmlns=%22http:\/\/www.w3.org\/2000\/svg%22%20viewBox=%220%200%20150%20150%22%3E%3C\/svg%3E\" class=\"fg-image\" \/><\/span><span class=\"fg-image-overlay\"><\/span><\/a><figcaption class=\"fg-caption\"><div class=\"fg-caption-inner\"><\/div><\/figcaption><\/figure><div class=\"fg-loader\"><\/div><\/div><div class=\"fg-item fg-idle fg-type-image\"><figure class=\"fg-item-inner\"><a href=\"http:\/\/www.sainte-trinite.fr\/blog\/wp-content\/uploads\/2022\/07\/Cadeau-des-maternelles-au-Pere-Philippe-1.jpg\" data-attachment-id=\"693\" class=\"fg-thumb\"><span class=\"fg-image-wrap\"><img width=\"150\" height=\"150\" data-src-fg=\"http:\/\/www.sainte-trinite.fr\/blog\/wp-content\/uploads\/cache\/2022\/07\/Cadeau-des-maternelles-au-Pere-Philippe-1\/2880252515.jpg\" src=\"data:image\/svg+xml,%3Csvg%20xmlns=%22http:\/\/www.w3.org\/2000\/svg%22%20viewBox=%220%200%20150%20150%22%3E%3C\/svg%3E\" class=\"fg-image\" \/><\/span><span class=\"fg-image-overlay\"><\/span><\/a><figcaption class=\"fg-caption\"><div class=\"fg-caption-inner\"><\/div><\/figcaption><\/figure><div class=\"fg-loader\"><\/div><\/div><div class=\"fg-item fg-idle fg-type-image\"><figure class=\"fg-item-inner\"><a href=\"http:\/\/www.sainte-trinite.fr\/blog\/wp-content\/uploads\/2022\/07\/Cadeau-daurevoir-au-Pere-Philippe-1.jpg\" data-attachment-id=\"692\" class=\"fg-thumb\"><span class=\"fg-image-wrap\"><img width=\"150\" height=\"150\" data-src-fg=\"http:\/\/www.sainte-trinite.fr\/blog\/wp-content\/uploads\/cache\/2022\/07\/Cadeau-daurevoir-au-Pere-Philippe-1\/1291508945.jpg\" src=\"data:image\/svg+xml,%3Csvg%20xmlns=%22http:\/\/www.w3.org\/2000\/svg%22%20viewBox=%220%200%20150%20150%22%3E%3C\/svg%3E\" class=\"fg-image\" \/><\/span><span class=\"fg-image-overlay\"><\/span><\/a><figcaption class=\"fg-caption\"><div class=\"fg-caption-inner\"><\/div><\/figcaption><\/figure><div class=\"fg-loader\"><\/div><\/div><div class=\"fg-item fg-idle fg-type-image\"><figure class=\"fg-item-inner\"><a href=\"http:\/\/www.sainte-trinite.fr\/blog\/wp-content\/uploads\/2022\/07\/Brancardage-des-malades-a-Lourdes-1.jpg\" data-attachment-id=\"691\" class=\"fg-thumb\"><span class=\"fg-image-wrap\"><img width=\"150\" height=\"150\" data-src-fg=\"http:\/\/www.sainte-trinite.fr\/blog\/wp-content\/uploads\/cache\/2022\/07\/Brancardage-des-malades-a-Lourdes-1\/2044306570.jpg\" src=\"data:image\/svg+xml,%3Csvg%20xmlns=%22http:\/\/www.w3.org\/2000\/svg%22%20viewBox=%220%200%20150%20150%22%3E%3C\/svg%3E\" class=\"fg-image\" \/><\/span><span class=\"fg-image-overlay\"><\/span><\/a><figcaption class=\"fg-caption\"><div class=\"fg-caption-inner\"><\/div><\/figcaption><\/figure><div class=\"fg-loader\"><\/div><\/div><div class=\"fg-item fg-idle fg-type-image\"><figure class=\"fg-item-inner\"><a href=\"http:\/\/www.sainte-trinite.fr\/blog\/wp-content\/uploads\/2022\/07\/Bol-de-riz-3-1.jpg\" data-attachment-id=\"690\" class=\"fg-thumb\"><span class=\"fg-image-wrap\"><img width=\"150\" height=\"150\" data-src-fg=\"http:\/\/www.sainte-trinite.fr\/blog\/wp-content\/uploads\/cache\/2022\/07\/Bol-de-riz-3-1\/3858238742.jpg\" src=\"data:image\/svg+xml,%3Csvg%20xmlns=%22http:\/\/www.w3.org\/2000\/svg%22%20viewBox=%220%200%20150%20150%22%3E%3C\/svg%3E\" class=\"fg-image\" \/><\/span><span class=\"fg-image-overlay\"><\/span><\/a><figcaption class=\"fg-caption\"><div class=\"fg-caption-inner\"><\/div><\/figcaption><\/figure><div class=\"fg-loader\"><\/div><\/div><div class=\"fg-item fg-idle fg-type-image\"><figure class=\"fg-item-inner\"><a href=\"http:\/\/www.sainte-trinite.fr\/blog\/wp-content\/uploads\/2022\/07\/Bol-de-riz-2-1.jpg\" data-attachment-id=\"689\" class=\"fg-thumb\"><span class=\"fg-image-wrap\"><img width=\"150\" height=\"150\" data-src-fg=\"http:\/\/www.sainte-trinite.fr\/blog\/wp-content\/uploads\/cache\/2022\/07\/Bol-de-riz-2-1\/2494367410.jpg\" src=\"data:image\/svg+xml,%3Csvg%20xmlns=%22http:\/\/www.w3.org\/2000\/svg%22%20viewBox=%220%200%20150%20150%22%3E%3C\/svg%3E\" class=\"fg-image\" \/><\/span><span class=\"fg-image-overlay\"><\/span><\/a><figcaption class=\"fg-caption\"><div class=\"fg-caption-inner\"><\/div><\/figcaption><\/figure><div class=\"fg-loader\"><\/div><\/div><div class=\"fg-item fg-idle fg-type-image\"><figure class=\"fg-item-inner\"><a href=\"http:\/\/www.sainte-trinite.fr\/blog\/wp-content\/uploads\/2022\/07\/Bol-de-riz-1-1.jpg\" data-attachment-id=\"688\" class=\"fg-thumb\"><span class=\"fg-image-wrap\"><img width=\"150\" height=\"150\" data-src-fg=\"http:\/\/www.sainte-trinite.fr\/blog\/wp-content\/uploads\/cache\/2022\/07\/Bol-de-riz-1-1\/121155449.jpg\" src=\"data:image\/svg+xml,%3Csvg%20xmlns=%22http:\/\/www.w3.org\/2000\/svg%22%20viewBox=%220%200%20150%20150%22%3E%3C\/svg%3E\" class=\"fg-image\" \/><\/span><span class=\"fg-image-overlay\"><\/span><\/a><figcaption class=\"fg-caption\"><div class=\"fg-caption-inner\"><\/div><\/figcaption><\/figure><div class=\"fg-loader\"><\/div><\/div><div class=\"fg-item fg-idle fg-type-image\"><figure class=\"fg-item-inner\"><a href=\"http:\/\/www.sainte-trinite.fr\/blog\/wp-content\/uploads\/2022\/07\/Bapteme-1.jpg\" data-attachment-id=\"687\" class=\"fg-thumb\"><span class=\"fg-image-wrap\"><img width=\"150\" height=\"150\" data-src-fg=\"http:\/\/www.sainte-trinite.fr\/blog\/wp-content\/uploads\/cache\/2022\/07\/Bapteme-1\/252694932.jpg\" src=\"data:image\/svg+xml,%3Csvg%20xmlns=%22http:\/\/www.w3.org\/2000\/svg%22%20viewBox=%220%200%20150%20150%22%3E%3C\/svg%3E\" class=\"fg-image\" \/><\/span><span class=\"fg-image-overlay\"><\/span><\/a><figcaption class=\"fg-caption\"><div class=\"fg-caption-inner\"><\/div><\/figcaption><\/figure><div class=\"fg-loader\"><\/div><\/div><div class=\"fg-item fg-idle fg-type-image\"><figure class=\"fg-item-inner\"><a href=\"http:\/\/www.sainte-trinite.fr\/blog\/wp-content\/uploads\/2022\/07\/Aurevoir-au-pere-Philippe-1.jpg\" data-attachment-id=\"686\" class=\"fg-thumb\"><span class=\"fg-image-wrap\"><img width=\"150\" height=\"150\" data-src-fg=\"http:\/\/www.sainte-trinite.fr\/blog\/wp-content\/uploads\/cache\/2022\/07\/Aurevoir-au-pere-Philippe-1\/478696505.jpg\" src=\"data:image\/svg+xml,%3Csvg%20xmlns=%22http:\/\/www.w3.org\/2000\/svg%22%20viewBox=%220%200%20150%20150%22%3E%3C\/svg%3E\" class=\"fg-image\" \/><\/span><span class=\"fg-image-overlay\"><\/span><\/a><figcaption class=\"fg-caption\"><div class=\"fg-caption-inner\"><\/div><\/figcaption><\/figure><div class=\"fg-loader\"><\/div><\/div><div class=\"fg-item fg-idle fg-type-image\"><figure class=\"fg-item-inner\"><a href=\"http:\/\/www.sainte-trinite.fr\/blog\/wp-content\/uploads\/2022\/07\/Action-Bol-de-riz-1.jpg\" data-attachment-id=\"685\" class=\"fg-thumb\"><span class=\"fg-image-wrap\"><img width=\"150\" height=\"150\" data-src-fg=\"http:\/\/www.sainte-trinite.fr\/blog\/wp-content\/uploads\/cache\/2022\/07\/Action-Bol-de-riz-1\/1552413599.jpg\" src=\"data:image\/svg+xml,%3Csvg%20xmlns=%22http:\/\/www.w3.org\/2000\/svg%22%20viewBox=%220%200%20150%20150%22%3E%3C\/svg%3E\" class=\"fg-image\" \/><\/span><span class=\"fg-image-overlay\"><\/span><\/a><figcaption class=\"fg-caption\"><div class=\"fg-caption-inner\"><\/div><\/figcaption><\/figure><div class=\"fg-loader\"><\/div><\/div><div class=\"fg-item fg-idle fg-type-image\"><figure class=\"fg-item-inner\"><a href=\"http:\/\/www.sainte-trinite.fr\/blog\/wp-content\/uploads\/2022\/07\/1ere-communion-1.jpg\" data-attachment-id=\"684\" class=\"fg-thumb\"><span class=\"fg-image-wrap\"><img width=\"150\" height=\"150\" data-src-fg=\"http:\/\/www.sainte-trinite.fr\/blog\/wp-content\/uploads\/cache\/2022\/07\/1ere-communion-1\/3811032748.jpg\" src=\"data:image\/svg+xml,%3Csvg%20xmlns=%22http:\/\/www.w3.org\/2000\/svg%22%20viewBox=%220%200%20150%20150%22%3E%3C\/svg%3E\" class=\"fg-image\" \/><\/span><span class=\"fg-image-overlay\"><\/span><\/a><figcaption class=\"fg-caption\"><div class=\"fg-caption-inner\"><\/div><\/figcaption><\/figure><div class=\"fg-loader\"><\/div><\/div><div class=\"fg-item fg-idle fg-type-image\"><figure class=\"fg-item-inner\"><a href=\"http:\/\/www.sainte-trinite.fr\/blog\/wp-content\/uploads\/2022\/07\/Fete-des-talents-1.jpg\" data-attachment-id=\"682\" class=\"fg-thumb\"><span class=\"fg-image-wrap\"><img width=\"150\" height=\"150\" data-src-fg=\"http:\/\/www.sainte-trinite.fr\/blog\/wp-content\/uploads\/cache\/2022\/07\/Fete-des-talents-1\/1466331837.jpg\" src=\"data:image\/svg+xml,%3Csvg%20xmlns=%22http:\/\/www.w3.org\/2000\/svg%22%20viewBox=%220%200%20150%20150%22%3E%3C\/svg%3E\" class=\"fg-image\" \/><\/span><span class=\"fg-image-overlay\"><\/span><\/a><figcaption class=\"fg-caption\"><div class=\"fg-caption-inner\"><\/div><\/figcaption><\/figure><div class=\"fg-loader\"><\/div><\/div><div class=\"fg-item fg-idle fg-type-image\"><figure class=\"fg-item-inner\"><a href=\"http:\/\/www.sainte-trinite.fr\/blog\/wp-content\/uploads\/2022\/07\/Pelerins-Lourdes-de-Ste-Trinite-avant-depart.jpg\" data-attachment-id=\"719\" class=\"fg-thumb\"><span class=\"fg-image-wrap\"><img width=\"150\" height=\"150\" data-src-fg=\"http:\/\/www.sainte-trinite.fr\/blog\/wp-content\/uploads\/cache\/2022\/07\/Pelerins-Lourdes-de-Ste-Trinite-avant-depart\/2553210060.jpg\" src=\"data:image\/svg+xml,%3Csvg%20xmlns=%22http:\/\/www.w3.org\/2000\/svg%22%20viewBox=%220%200%20150%20150%22%3E%3C\/svg%3E\" class=\"fg-image\" \/><\/span><span class=\"fg-image-overlay\"><\/span><\/a><figcaption class=\"fg-caption\"><div class=\"fg-caption-inner\"><\/div><\/figcaption><\/figure><div class=\"fg-loader\"><\/div><\/div><div class=\"fg-item fg-idle fg-type-image\"><figure class=\"fg-item-inner\"><a href=\"http:\/\/www.sainte-trinite.fr\/blog\/wp-content\/uploads\/2022\/07\/Pelerins-Ste-Trinite-arrivee-a-Lourdes.jpg\" data-attachment-id=\"720\" class=\"fg-thumb\"><span class=\"fg-image-wrap\"><img width=\"150\" height=\"150\" data-src-fg=\"http:\/\/www.sainte-trinite.fr\/blog\/wp-content\/uploads\/cache\/2022\/07\/Pelerins-Ste-Trinite-arrivee-a-Lourdes\/835565336.jpg\" src=\"data:image\/svg+xml,%3Csvg%20xmlns=%22http:\/\/www.w3.org\/2000\/svg%22%20viewBox=%220%200%20150%20150%22%3E%3C\/svg%3E\" class=\"fg-image\" \/><\/span><span class=\"fg-image-overlay\"><\/span><\/a><figcaption class=\"fg-caption\"><div class=\"fg-caption-inner\"><\/div><\/figcaption><\/figure><div class=\"fg-loader\"><\/div><\/div><div class=\"fg-item fg-idle fg-type-image\"><figure class=\"fg-item-inner\"><a href=\"http:\/\/www.sainte-trinite.fr\/blog\/wp-content\/uploads\/2022\/07\/Profession-de-Foi.jpg\" data-attachment-id=\"714\" class=\"fg-thumb\"><span class=\"fg-image-wrap\"><img width=\"150\" height=\"150\" data-src-fg=\"http:\/\/www.sainte-trinite.fr\/blog\/wp-content\/uploads\/cache\/2022\/07\/Profession-de-Foi\/311370706.jpg\" src=\"data:image\/svg+xml,%3Csvg%20xmlns=%22http:\/\/www.w3.org\/2000\/svg%22%20viewBox=%220%200%20150%20150%22%3E%3C\/svg%3E\" class=\"fg-image\" \/><\/span><span class=\"fg-image-overlay\"><\/span><\/a><figcaption class=\"fg-caption\"><div class=\"fg-caption-inner\"><\/div><\/figcaption><\/figure><div class=\"fg-loader\"><\/div><\/div><div class=\"fg-item fg-idle fg-type-image\"><figure class=\"fg-item-inner\"><a href=\"http:\/\/www.sainte-trinite.fr\/blog\/wp-content\/uploads\/2022\/07\/Les-confirmes.jpg\" data-attachment-id=\"715\" class=\"fg-thumb\"><span class=\"fg-image-wrap\"><img width=\"150\" height=\"150\" data-src-fg=\"http:\/\/www.sainte-trinite.fr\/blog\/wp-content\/uploads\/cache\/2022\/07\/Les-confirmes\/3868556145.jpg\" src=\"data:image\/svg+xml,%3Csvg%20xmlns=%22http:\/\/www.w3.org\/2000\/svg%22%20viewBox=%220%200%20150%20150%22%3E%3C\/svg%3E\" class=\"fg-image\" \/><\/span><span class=\"fg-image-overlay\"><\/span><\/a><figcaption class=\"fg-caption\"><div class=\"fg-caption-inner\"><\/div><\/figcaption><\/figure><div class=\"fg-loader\"><\/div><\/div><div class=\"fg-item fg-idle fg-type-image\"><figure class=\"fg-item-inner\"><a href=\"http:\/\/www.sainte-trinite.fr\/blog\/wp-content\/uploads\/2022\/07\/Temps-de-priere-Celebration-de-la-trinite.jpg\" data-attachment-id=\"716\" class=\"fg-thumb\"><span class=\"fg-image-wrap\"><img width=\"150\" height=\"150\" data-src-fg=\"http:\/\/www.sainte-trinite.fr\/blog\/wp-content\/uploads\/cache\/2022\/07\/Temps-de-priere-Celebration-de-la-trinite\/1948187358.jpg\" src=\"data:image\/svg+xml,%3Csvg%20xmlns=%22http:\/\/www.w3.org\/2000\/svg%22%20viewBox=%220%200%20150%20150%22%3E%3C\/svg%3E\" class=\"fg-image\" \/><\/span><span class=\"fg-image-overlay\"><\/span><\/a><figcaption class=\"fg-caption\"><div class=\"fg-caption-inner\"><\/div><\/figcaption><\/figure><div class=\"fg-loader\"><\/div><\/div><div class=\"fg-item fg-idle fg-type-image\"><figure class=\"fg-item-inner\"><a href=\"http:\/\/www.sainte-trinite.fr\/blog\/wp-content\/uploads\/2022\/07\/Terminale-Conte-de-la-galette.jpg\" data-attachment-id=\"717\" class=\"fg-thumb\"><span class=\"fg-image-wrap\"><img width=\"150\" height=\"150\" data-src-fg=\"http:\/\/www.sainte-trinite.fr\/blog\/wp-content\/uploads\/cache\/2022\/07\/Terminale-Conte-de-la-galette\/372220142.jpg\" src=\"data:image\/svg+xml,%3Csvg%20xmlns=%22http:\/\/www.w3.org\/2000\/svg%22%20viewBox=%220%200%20150%20150%22%3E%3C\/svg%3E\" class=\"fg-image\" \/><\/span><span class=\"fg-image-overlay\"><\/span><\/a><figcaption class=\"fg-caption\"><div class=\"fg-caption-inner\"><\/div><\/figcaption><\/figure><div class=\"fg-loader\"><\/div><\/div><div class=\"fg-item fg-idle fg-type-image\"><figure class=\"fg-item-inner\"><a href=\"http:\/\/www.sainte-trinite.fr\/blog\/wp-content\/uploads\/2022\/07\/Chemin-de-croix-CM1-2.jpg\" data-attachment-id=\"722\" class=\"fg-thumb\"><span class=\"fg-image-wrap\"><img width=\"150\" height=\"150\" data-src-fg=\"http:\/\/www.sainte-trinite.fr\/blog\/wp-content\/uploads\/cache\/2022\/07\/Chemin-de-croix-CM1-2\/2969801839.jpg\" src=\"data:image\/svg+xml,%3Csvg%20xmlns=%22http:\/\/www.w3.org\/2000\/svg%22%20viewBox=%220%200%20150%20150%22%3E%3C\/svg%3E\" class=\"fg-image\" \/><\/span><span class=\"fg-image-overlay\"><\/span><\/a><figcaption class=\"fg-caption\"><div class=\"fg-caption-inner\"><\/div><\/figcaption><\/figure><div class=\"fg-loader\"><\/div><\/div><div class=\"fg-item fg-idle fg-type-image\"><figure class=\"fg-item-inner\"><a href=\"http:\/\/www.sainte-trinite.fr\/blog\/wp-content\/uploads\/2022\/07\/Procession-chandeleur-1.jpg\" data-attachment-id=\"724\" class=\"fg-thumb\"><span class=\"fg-image-wrap\"><img width=\"150\" height=\"150\" data-src-fg=\"http:\/\/www.sainte-trinite.fr\/blog\/wp-content\/uploads\/cache\/2022\/07\/Procession-chandeleur-1\/27253175.jpg\" src=\"data:image\/svg+xml,%3Csvg%20xmlns=%22http:\/\/www.w3.org\/2000\/svg%22%20viewBox=%220%200%20150%20150%22%3E%3C\/svg%3E\" class=\"fg-image\" \/><\/span><span class=\"fg-image-overlay\"><\/span><\/a><figcaption class=\"fg-caption\"><div class=\"fg-caption-inner\"><\/div><\/figcaption><\/figure><div class=\"fg-loader\"><\/div><\/div><div class=\"fg-item fg-idle fg-type-image\"><figure class=\"fg-item-inner\"><a href=\"http:\/\/www.sainte-trinite.fr\/blog\/wp-content\/uploads\/2022\/07\/Repas-Solidarite-4.jpg\" data-attachment-id=\"727\" class=\"fg-thumb\"><span class=\"fg-image-wrap\"><img width=\"150\" height=\"150\" data-src-fg=\"http:\/\/www.sainte-trinite.fr\/blog\/wp-content\/uploads\/cache\/2022\/07\/Repas-Solidarite-4\/1729837639.jpg\" src=\"data:image\/svg+xml,%3Csvg%20xmlns=%22http:\/\/www.w3.org\/2000\/svg%22%20viewBox=%220%200%20150%20150%22%3E%3C\/svg%3E\" class=\"fg-image\" \/><\/span><span class=\"fg-image-overlay\"><\/span><\/a><figcaption class=\"fg-caption\"><div class=\"fg-caption-inner\"><\/div><\/figcaption><\/figure><div class=\"fg-loader\"><\/div><\/div><div class=\"fg-item fg-idle fg-type-image\"><figure class=\"fg-item-inner\"><a href=\"http:\/\/www.sainte-trinite.fr\/blog\/wp-content\/uploads\/2022\/07\/Remise-cheque-repas-solidarite.jpg\" data-attachment-id=\"725\" class=\"fg-thumb\"><span class=\"fg-image-wrap\"><img width=\"150\" height=\"150\" data-src-fg=\"http:\/\/www.sainte-trinite.fr\/blog\/wp-content\/uploads\/cache\/2022\/07\/Remise-cheque-repas-solidarite\/2555175968.jpg\" src=\"data:image\/svg+xml,%3Csvg%20xmlns=%22http:\/\/www.w3.org\/2000\/svg%22%20viewBox=%220%200%20150%20150%22%3E%3C\/svg%3E\" class=\"fg-image\" \/><\/span><span class=\"fg-image-overlay\"><\/span><\/a><figcaption class=\"fg-caption\"><div class=\"fg-caption-inner\"><\/div><\/figcaption><\/figure><div class=\"fg-loader\"><\/div><\/div><div class=\"fg-item fg-idle fg-type-image\"><figure class=\"fg-item-inner\"><a href=\"http:\/\/www.sainte-trinite.fr\/blog\/wp-content\/uploads\/2022\/07\/Repas-Solidarite-3.jpg\" data-attachment-id=\"726\" class=\"fg-thumb\"><span class=\"fg-image-wrap\"><img width=\"150\" height=\"150\" data-src-fg=\"http:\/\/www.sainte-trinite.fr\/blog\/wp-content\/uploads\/cache\/2022\/07\/Repas-Solidarite-3\/57320908.jpg\" src=\"data:image\/svg+xml,%3Csvg%20xmlns=%22http:\/\/www.w3.org\/2000\/svg%22%20viewBox=%220%200%20150%20150%22%3E%3C\/svg%3E\" class=\"fg-image\" \/><\/span><span class=\"fg-image-overlay\"><\/span><\/a><figcaption class=\"fg-caption\"><div class=\"fg-caption-inner\"><\/div><\/figcaption><\/figure><div class=\"fg-loader\"><\/div><\/div><div class=\"fg-item fg-idle fg-type-image\"><figure class=\"fg-item-inner\"><a href=\"http:\/\/www.sainte-trinite.fr\/blog\/wp-content\/uploads\/2022\/07\/Repas-Solidarite-1.jpg\" data-attachment-id=\"728\" class=\"fg-thumb\"><span class=\"fg-image-wrap\"><img width=\"150\" height=\"150\" data-src-fg=\"http:\/\/www.sainte-trinite.fr\/blog\/wp-content\/uploads\/cache\/2022\/07\/Repas-Solidarite-1\/1052994446.jpg\" src=\"data:image\/svg+xml,%3Csvg%20xmlns=%22http:\/\/www.w3.org\/2000\/svg%22%20viewBox=%220%200%20150%20150%22%3E%3C\/svg%3E\" class=\"fg-image\" \/><\/span><span class=\"fg-image-overlay\"><\/span><\/a><figcaption class=\"fg-caption\"><div class=\"fg-caption-inner\"><\/div><\/figcaption><\/figure><div class=\"fg-loader\"><\/div><\/div><div class=\"fg-item fg-idle fg-type-image\"><figure class=\"fg-item-inner\"><a href=\"http:\/\/www.sainte-trinite.fr\/blog\/wp-content\/uploads\/2022\/07\/Repas-Solidarite-5.jpg\" data-attachment-id=\"729\" class=\"fg-thumb\"><span class=\"fg-image-wrap\"><img width=\"150\" height=\"150\" data-src-fg=\"http:\/\/www.sainte-trinite.fr\/blog\/wp-content\/uploads\/cache\/2022\/07\/Repas-Solidarite-5\/3560829926.jpg\" src=\"data:image\/svg+xml,%3Csvg%20xmlns=%22http:\/\/www.w3.org\/2000\/svg%22%20viewBox=%220%200%20150%20150%22%3E%3C\/svg%3E\" class=\"fg-image\" \/><\/span><span class=\"fg-image-overlay\"><\/span><\/a><figcaption class=\"fg-caption\"><div class=\"fg-caption-inner\"><\/div><\/figcaption><\/figure><div class=\"fg-loader\"><\/div><\/div><div class=\"fg-item fg-idle fg-type-image\"><figure class=\"fg-item-inner\"><a href=\"http:\/\/www.sainte-trinite.fr\/blog\/wp-content\/uploads\/2022\/07\/Repas-Solidarite-2.jpg\" data-attachment-id=\"730\" class=\"fg-thumb\"><span class=\"fg-image-wrap\"><img width=\"150\" height=\"150\" data-src-fg=\"http:\/\/www.sainte-trinite.fr\/blog\/wp-content\/uploads\/cache\/2022\/07\/Repas-Solidarite-2\/1835373185.jpg\" src=\"data:image\/svg+xml,%3Csvg%20xmlns=%22http:\/\/www.w3.org\/2000\/svg%22%20viewBox=%220%200%20150%20150%22%3E%3C\/svg%3E\" class=\"fg-image\" \/><\/span><span class=\"fg-image-overlay\"><\/span><\/a><figcaption class=\"fg-caption\"><div class=\"fg-caption-inner\"><\/div><\/figcaption><\/figure><div class=\"fg-loader\"><\/div><\/div><div class=\"fg-item fg-idle fg-type-image\"><figure class=\"fg-item-inner\"><a href=\"http:\/\/www.sainte-trinite.fr\/blog\/wp-content\/uploads\/2022\/07\/Ste-Trinite-a-Lourdes.jpg\" data-attachment-id=\"731\" class=\"fg-thumb\"><span class=\"fg-image-wrap\"><img width=\"150\" height=\"150\" data-src-fg=\"http:\/\/www.sainte-trinite.fr\/blog\/wp-content\/uploads\/cache\/2022\/07\/Ste-Trinite-a-Lourdes\/3125920388.jpg\" src=\"data:image\/svg+xml,%3Csvg%20xmlns=%22http:\/\/www.w3.org\/2000\/svg%22%20viewBox=%220%200%20150%20150%22%3E%3C\/svg%3E\" class=\"fg-image\" \/><\/span><span class=\"fg-image-overlay\"><\/span><\/a><figcaption class=\"fg-caption\"><div class=\"fg-caption-inner\"><\/div><\/figcaption><\/figure><div class=\"fg-loader\"><\/div><\/div><\/div>\r\n\n<\/div>\n<div class=\"foogallery-pile\">\n<div class=\"foogallery-pile-inner\">\n<div class=\"foogallery-pile-inner-thumb\"><\/div>\n<\/div>\n<\/div>\n<p><em><a contenteditable=\"false\" href=\"http:\/\/&lt;div class=\" data-foogallery=\"%5Bfoogallery%20id%3D%26quot%3B664%26quot%3B%5D\" data-mce-placeholder=\"1\" data-foogallery-id=\"0\">\u00ab\u00a0&gt;photo<\/a><\/em>s<\/p>\n<p>Un chemin de rencontre, de joie, de pri\u00e8re, de partage&#8230;<\/p>\n<p><em><strong>De D\u00e9cembre<\/strong><\/em> &#8230;<\/p>\n<p>(Voir aussi article \u00ab\u00a0Action solidarit\u00e9 \u00e0 No\u00ebl\u00a0\u00bb)<\/p>\n<p>Dans notre chapelle \/ <strong>Messe d&rsquo;entr\u00e9e en Avent<\/strong> du CM1 \u00e0 la terminale et c\u00e9l\u00e9bration de l&rsquo;Avent de la maternelle au CE2.<\/p>\n<p><strong>F\u00eate de la St Jean de Matha<\/strong>\/ Vendredi 17 d\u00e9c 2021 en d\u00e9but de matin\u00e9e.<\/p>\n<p>L&rsquo;\u00e9tablissement s&rsquo;est retrouv\u00e9 pour c\u00e9l\u00e9brer de la maternelle \u00e0 la terminale, le fondateur de l&rsquo;ordre des Trinitaires:<\/p>\n<p><em>St Jean de Matha<\/em>.<\/p>\n<p>Une f\u00eate en 2 temps ; A 9h15 l&rsquo;ensemble des \u00e9l\u00e8ves et professeurs se sont rassembl\u00e9s devant notre chapelle pour un temps de pri\u00e8re. A 9h45 Chocolat chaud et madeleine, suivi d&rsquo;une distribution de friandises pour tous les \u00e9l\u00e8ves par l&rsquo;APEL.<\/p>\n<p><!--more--><\/p>\n<p><strong>Galette des rois : Echange des terminales avec les r\u00e9sidents de la Salette Montval.<\/strong><\/p>\n<p>Fin janvier devait avoir lieu une rencontre avec les terminales et les r\u00e9sidents de la maison de retraite La Salette Montval. La rencontre n&rsquo;ayant pu se faire pour cause de protocole sanitaire, un enregistrement fut r\u00e9alis\u00e9 pour envoyer aux r\u00e9sidents. Un moyen de maintenir le lien. Un conte sur la galette des rois a \u00e9t\u00e9 enregistr\u00e9. Photo de l&rsquo;\u00e9quipe des terminales dans la galerie ci-dessus.<\/p>\n<p><strong>Chandeleur<\/strong> \/ Tradition marseillaise oblige de s&rsquo;associer \u00e0 <a href=\"https:\/\/www.vaticannews.va\/fr\/eglise\/news\/2022-02\/marseille-france-messe-chandeleur-foi-tradition-mediterranee.html\">la procession de la chandeleur de St Victor\u00a0<\/a><\/p>\n<p>Avec les maternelles, procession de la lumi\u00e8re pour monter \u00e0 la chapelle et offrir au Seigneur nos pri\u00e8res.<\/p>\n<p><strong>Temps du car\u00eame : Spiritualit\u00e9 et Solidarit\u00e9 :\u00a0 <\/strong><\/p>\n<ul>\n<li>Mercredi 2 mars et jeudi 3 mars 2022 \/ <em>Messes des cendres<\/em> dans notre chapelle.<\/li>\n<li>S<em>acrement de r\u00e9conciliation<\/em> \u00e0 la chapelle pour les \u00e9l\u00e8ves d\u00e9sirant le recevoir.<\/li>\n<li><em>Chemin de croix<\/em> : 2 chemins de croix ont \u00e9t\u00e9 propos\u00e9s aux \u00e9l\u00e8ves. Mardi 29 mars, pour les CM1 pr\u00e9parant la 1\u00e8re communion \u00e0 la colline St Joseph avec les enfants de la 1\u00e8re communion de l&rsquo;\u00e9cole St Jean Baptiste. Vendredi 8 avril pour les CM2, coll\u00e9giens et lyc\u00e9ens dans l&rsquo;enceinte de Ste Trinit\u00e9. Un beau temps de pri\u00e8re et\u00a0 de communion.<\/li>\n<li><em>Collecte de car\u00eame<\/em> pour la banque alimentaire pendant 4 semaines de la maternelle \u00e0 la 3\u00e8me.<\/li>\n<li><em>Collecte de car\u00eame<\/em> pour <a href=\"https:\/\/naimlabrifraternel.fr\/\">l&rsquo;association Na\u00efm l&rsquo;abri fraternel<\/a><\/li>\n<li><em>Action Bol de riz<\/em> \/ El\u00e8ves du primaire \u00e0 la seconde. Partage d&rsquo;un repas sur le volontariat* agr\u00e9ment\u00e9 d&rsquo;un bol de riz, pain, pomme. Le b\u00e9n\u00e9fice de cette action d&rsquo;un total de <strong>2770\u20ac<\/strong> a \u00e9t\u00e9 remis \u00e0 nos oeuvres trinitaires dans le monde, notamment \u00e0 Madagascar ainsi qu&rsquo;une aide pour les p\u00e8res trinitaires en Pologne accueillant les familles r\u00e9fugi\u00e9es ukrainiennes. *Plus de 400 \u00e9l\u00e8ves du primaire au lyc\u00e9e y ont particip\u00e9 ainsi que des adultes de l&rsquo;\u00e9tablissement.<\/li>\n<li><em>Repas solidarit\u00e9<\/em> \/ El\u00e8ves de la 3\u00e8mes \u00e0 la terminale. Partage d&rsquo;un repas \u00ab\u00a0Saucisse Frites\u00a0\u00bb et desserts apport\u00e9s par les \u00e9l\u00e8ves sur le volontariat*. Le b\u00e9n\u00e9fice de ce repas d&rsquo;un montant de <strong>787\u20ac<\/strong> a \u00e9t\u00e9 revers\u00e9 \u00e0 l&rsquo;association Na\u00efm l&rsquo;Abri fraternel pour les aider dans leur action aupr\u00e8s des SDF. *Plus de 160 \u00e9l\u00e8ves y ont particip\u00e9 ainsi que de nombreux adultes de l&rsquo;\u00e9tablissement.<\/li>\n<\/ul>\n<p><strong>P\u00e2ques<\/strong> \/ Messe et c\u00e9l\u00e9bration de P\u00e2ques Mercredi 27 et jeudi 28 avril dans notre chapelle de la maternelle au lyc\u00e9e.<\/p>\n<p><strong>Remise officiel de la collecte<\/strong> de car\u00eame \u00e0 la Banque alimentaire, mardi 17 mai en pr\u00e9sence de l&rsquo;association ainsi que des coll\u00e9giens et des primaires.\u00a0 <strong><em>Merci \u00e0 toutes les familles de Ste Trinit\u00e9 de la part de la Banque alimentaire.<\/em><\/strong> Cette collecte \u00e0 permis de recueillir 430 Kg de denr\u00e9es, \u00e9quivalent \u00e0 <strong>860 repas<\/strong>.<\/p>\n<p><strong>P\u00e8lerinage dioc\u00e9sain \u00e0 Lourdes<\/strong> du mercredi 25 mai au dimanche 29 mai avec 13 jeunes de la 3\u00e8me \u00e0 la seconde. Une grande joie pour nos jeunes de retrouver 140 autres jeunes de l&rsquo;enseignement catholique et les scouts Arc en Ciel ainsi que les p\u00e8lerins valides ou malades de Marseille pour revivre ce p\u00e8lerinage apr\u00e8s 2 ann\u00e9es d&rsquo;interruption pour cause Covid. Un temps de gr\u00e2ce pour chaque p\u00e8lerin.<\/p>\n<p><strong>F\u00eate de la Trinit\u00e9 2022<\/strong> \/ Apr\u00e8s 2 ann\u00e9es de F\u00eate de la Trinit\u00e9 r\u00e9organis\u00e9 dans le respect du protocole sanitaire pour Covid19, la f\u00eate de la Trinit\u00e9 <strong>2022<\/strong> marquera le retour \u00e0 la tradition de cette journ\u00e9e festive de la maternelle \u00e0 la terminale.<\/p>\n<ul>\n<li><em>C\u00e9l\u00e9bration<\/em> <em>de la Trinit\u00e9<\/em> : Un beau temps de c\u00e9l\u00e9bration dans la cour du coll\u00e8ge de la maternelle \u00e0 la terminale en pr\u00e9sence de la chorale et pr\u00e9sid\u00e9 pour sa derni\u00e8re \u00e0 Ste Trinit\u00e9 par le p\u00e8re Philippe qui nous a accompagn\u00e9 pendant 10 belles ann\u00e9es. Lors de notre c\u00e9l\u00e9bration nous avons pu lui dire <strong>un grand MERCI<\/strong> avec des cadeaux et surtout notre pri\u00e8re pour sa nouvelle mission au Canada \u00e0 Montr\u00e9al.<\/li>\n<li><em>Concours g\u00e2teau trinitaire<\/em> : Apr\u00e8s la c\u00e9l\u00e9bration l&rsquo;ensemble de l&rsquo;\u00e9tablissement a pu d\u00e9guster g\u00e2teaux et boissons apport\u00e9s par les coll\u00e9giens. Un beau temps de partage autour de magnifiques g\u00e2teaux Trinitaires \u00e9labor\u00e9s par les \u00e9l\u00e8ves de 6\u00e8me et 5\u00e8me ainsi que leurs parents.\u00a0 \u00a0 \u00a0 \u00a0 \u00a0 \u00a0 \u00a0 \u00a0 \u00a0 \u00a0 \u00a0 \u00a0 \u00a0 \u00a0 \u00a0 \u00a0 \u00a0 \u00a0 \u00a0 \u00a0 \u00a0 \u00a0 \u00a0 \u00a0 \u00a0 \u00a0 \u00a0 \u00a0 \u00a0 \u00a0 \u00a0 \u00a0 \u00a0 \u00a0 \u00a0 \u00a0 \u00a0 \u00a0 \u00a0 \u00a0 \u00a0 \u00a0 Le 1er prix fut attribu\u00e9 \u00e0 Marie-Pauline Putiti. Le 2\u00e8me prix : Famille Brun Lecoeuche (Nolan, Louane) et 3\u00e8me prix : Yanis Nouioua.<\/li>\n<li>La journ\u00e9e selon les niveaux s&rsquo;est organis\u00e9e autour de<em> jeux de soci\u00e9t\u00e9<\/em> puis <em>la f\u00eate des talents<\/em> pour les coll\u00e9giens. Pour les primaires et secondes, <em>un jeu de piste<\/em>.<\/li>\n<\/ul>\n<p><strong>Mai &#8211; Juin \/ Les sacrements ou \u00e9tape : Bapt\u00eame &#8211; 1\u00e8re communion &#8211; Profession de Foi &#8211; confirmation.<\/strong><\/p>\n<p>A partir du 14 mai et jusqu&rsquo;au 19 juin, les diff\u00e9rents sacrements ont \u00e9t\u00e9s c\u00e9l\u00e9br\u00e9s \u00e0 l&rsquo;\u00e9glise de Mazargues par le p\u00e8re Philippe pour nos jeunes de Ste Trinit\u00e9. Un temps de f\u00eate dans la gr\u00e2ce, la pri\u00e8re et la Joie pour les enfants qui depuis le d\u00e9but de l&rsquo;ann\u00e9e scolaire ont pr\u00e9par\u00e9 ce jour tant attendu et qui t\u00e9moigne de leur engagement ainsi que leur d\u00e9sir de suivre le Christ.<\/p>\n<p>&nbsp;<\/p>\n<p>Merci \u00e0 tous les jeunes et leurs familles pour cette belle ann\u00e9e de pastorale vivante \u00e0 Ste Trinit\u00e9 !<\/p>\n<p>Merci au Seigneur pour toutes les gr\u00e2ces dispens\u00e9es \u00e0 chacun tout le long de cette ann\u00e9e 2021 2022.<\/p>\n<p>RDV en 2022 2023 !<\/p>\n<p>&nbsp;<\/p>\n<p>EM<\/p>\n","protected":false},"excerpt":{"rendered":"<p>Pastorale&#8230;de d\u00e9cembre \u00e0 juin 2021 2022 ! R\u00e9trospective sur les diff\u00e9rents temps v\u00e9cus en Pastorale. Articles et photos \u00ab\u00a0&gt;photos Un chemin de rencontre, de joie, de pri\u00e8re, de partage&#8230; De D\u00e9cembre &#8230; (Voir aussi article \u00ab\u00a0Action solidarit\u00e9 \u00e0 No\u00ebl\u00a0\u00bb) Dans notre chapelle \/ Messe d&rsquo;entr\u00e9e en Avent du CM1 \u00e0 la terminale et c\u00e9l\u00e9bration de l&rsquo;Avent de la maternelle au CE2. F\u00eate de la St Jean de Matha\/ Vendredi 17 d\u00e9c 2021 en d\u00e9but de matin\u00e9e. L&rsquo;\u00e9tablissement s&rsquo;est retrouv\u00e9 pour c\u00e9l\u00e9brer de la maternelle \u00e0 la terminale, le fondateur de l&rsquo;ordre des Trinitaires: St Jean de Matha. Une f\u00eate en 2 temps ; A 9h15 l&rsquo;ensemble des \u00e9l\u00e8ves et professeurs se sont rassembl\u00e9s devant notre chapelle pour un temps de pri\u00e8re. A 9h45 Chocolat chaud et madeleine, suivi d&rsquo;une distribution de friandises pour tous les \u00e9l\u00e8ves par l&rsquo;APEL.<\/p>\n","protected":false},"author":2,"featured_media":0,"comment_status":"closed","ping_status":"open","sticky":false,"template":"","format":"standard","meta":[],"categories":[1,23],"tags":[],"_links":{"self":[{"href":"http:\/\/www.sainte-trinite.fr\/blog\/wp-json\/wp\/v2\/posts\/657"}],"collection":[{"href":"http:\/\/www.sainte-trinite.fr\/blog\/wp-json\/wp\/v2\/posts"}],"about":[{"href":"http:\/\/www.sainte-trinite.fr\/blog\/wp-json\/wp\/v2\/types\/post"}],"author":[{"embeddable":true,"href":"http:\/\/www.sainte-trinite.fr\/blog\/wp-json\/wp\/v2\/users\/2"}],"replies":[{"embeddable":true,"href":"http:\/\/www.sainte-trinite.fr\/blog\/wp-json\/wp\/v2\/comments?post=657"}],"version-history":[{"count":10,"href":"http:\/\/www.sainte-trinite.fr\/blog\/wp-json\/wp\/v2\/posts\/657\/revisions"}],"predecessor-version":[{"id":738,"href":"http:\/\/www.sainte-trinite.fr\/blog\/wp-json\/wp\/v2\/posts\/657\/revisions\/738"}],"wp:attachment":[{"href":"http:\/\/www.sainte-trinite.fr\/blog\/wp-json\/wp\/v2\/media?parent=657"}],"wp:term":[{"taxonomy":"category","embeddable":true,"href":"http:\/\/www.sainte-trinite.fr\/blog\/wp-json\/wp\/v2\/categories?post=657"},{"taxonomy":"post_tag","embeddable":true,"href":"http:\/\/www.sainte-trinite.fr\/blog\/wp-json\/wp\/v2\/tags?post=657"}],"curies":[{"name":"wp","href":"https:\/\/api.w.org\/{rel}","templated":true}]}}