{"id":772,"date":"2022-10-09T17:44:13","date_gmt":"2022-10-09T15:44:13","guid":{"rendered":"http:\/\/www.sainte-trinite.fr\/blog\/?p=772"},"modified":"2022-10-09T17:44:13","modified_gmt":"2022-10-09T15:44:13","slug":"as-athletisme-sortie-rando-trail-du-mercredi-5-octobre","status":"publish","type":"post","link":"http:\/\/www.sainte-trinite.fr\/blog\/as-athletisme-sortie-rando-trail-du-mercredi-5-octobre\/","title":{"rendered":"AS athl\u00e9tisme: sortie rando-trail du mercredi 5 octobre"},"content":{"rendered":"<p>Ce mercredi, les athl\u00e8tes de l&rsquo;AS athl\u00e9tisme se sont initi\u00e9s \u00e0 une activit\u00e9 nouvelle pour eux, la rando-trail: il s&rsquo;agit d&rsquo;alterner des phases de course et de marche en fonction de ses capacit\u00e9s et du relief des parcours r\u00e9alis\u00e9s.<\/p>\n<p>Ils ont bien appr\u00e9ci\u00e9 ce moment; nous attendons maintenant de nouveaux candidats pr\u00eats \u00e0 d\u00e9couvrir les Calanques en rando-trail, toutes les deux semaines!!<\/p>\n<p>Si vous \u00eates int\u00e9ress\u00e9s, m\u00eame pour essayer une fois, merci de contacter Mme Vieu: vieu@sainte-trinite.fr<\/p>\n<p>A bient\u00f4t sur les sentiers!<\/p>\n<p>Fanny Vieu<\/p>\n<p><img loading=\"lazy\" class=\"alignnone size-medium wp-image-769\" src=\"http:\/\/www.sainte-trinite.fr\/blog\/wp-content\/uploads\/2022\/10\/IMG_0700-225x300.jpeg\" alt=\"\" width=\"225\" height=\"300\" srcset=\"http:\/\/www.sainte-trinite.fr\/blog\/wp-content\/uploads\/2022\/10\/IMG_0700-225x300.jpeg 225w, http:\/\/www.sainte-trinite.fr\/blog\/wp-content\/uploads\/2022\/10\/IMG_0700-768x1024.jpeg 768w, http:\/\/www.sainte-trinite.fr\/blog\/wp-content\/uploads\/2022\/10\/IMG_0700-1152x1536.jpeg 1152w, http:\/\/www.sainte-trinite.fr\/blog\/wp-content\/uploads\/2022\/10\/IMG_0700-1536x2048.jpeg 1536w, http:\/\/www.sainte-trinite.fr\/blog\/wp-content\/uploads\/2022\/10\/IMG_0700-1246x1661.jpeg 1246w, http:\/\/www.sainte-trinite.fr\/blog\/wp-content\/uploads\/2022\/10\/IMG_0700-946x1261.jpeg 946w, http:\/\/www.sainte-trinite.fr\/blog\/wp-content\/uploads\/2022\/10\/IMG_0700-675x900.jpeg 675w, http:\/\/www.sainte-trinite.fr\/blog\/wp-content\/uploads\/2022\/10\/IMG_0700-480x640.jpeg 480w, http:\/\/www.sainte-trinite.fr\/blog\/wp-content\/uploads\/2022\/10\/IMG_0700-scaled.jpeg 1920w\" sizes=\"(max-width: 225px) 100vw, 225px\" \/><\/p>\n<p><img loading=\"lazy\" class=\"alignnone size-medium wp-image-770\" src=\"http:\/\/www.sainte-trinite.fr\/blog\/wp-content\/uploads\/2022\/10\/IMG_0699-300x225.jpeg\" alt=\"\" width=\"300\" height=\"225\" srcset=\"http:\/\/www.sainte-trinite.fr\/blog\/wp-content\/uploads\/2022\/10\/IMG_0699-300x225.jpeg 300w, http:\/\/www.sainte-trinite.fr\/blog\/wp-content\/uploads\/2022\/10\/IMG_0699-1024x768.jpeg 1024w, http:\/\/www.sainte-trinite.fr\/blog\/wp-content\/uploads\/2022\/10\/IMG_0699-768x576.jpeg 768w, http:\/\/www.sainte-trinite.fr\/blog\/wp-content\/uploads\/2022\/10\/IMG_0699-1536x1152.jpeg 1536w, http:\/\/www.sainte-trinite.fr\/blog\/wp-content\/uploads\/2022\/10\/IMG_0699-2048x1536.jpeg 2048w, http:\/\/www.sainte-trinite.fr\/blog\/wp-content\/uploads\/2022\/10\/IMG_0699-1246x935.jpeg 1246w, http:\/\/www.sainte-trinite.fr\/blog\/wp-content\/uploads\/2022\/10\/IMG_0699-946x710.jpeg 946w, http:\/\/www.sainte-trinite.fr\/blog\/wp-content\/uploads\/2022\/10\/IMG_0699-675x506.jpeg 675w, http:\/\/www.sainte-trinite.fr\/blog\/wp-content\/uploads\/2022\/10\/IMG_0699-480x360.jpeg 480w\" sizes=\"(max-width: 300px) 100vw, 300px\" \/><\/p>\n","protected":false},"excerpt":{"rendered":"<p>Ce mercredi, les athl\u00e8tes de l&rsquo;AS athl\u00e9tisme se sont initi\u00e9s \u00e0 une activit\u00e9 nouvelle pour eux, la rando-trail: il s&rsquo;agit d&rsquo;alterner des phases de course et de marche en fonction de ses capacit\u00e9s et du relief des parcours r\u00e9alis\u00e9s. Ils ont bien appr\u00e9ci\u00e9 ce moment; nous attendons maintenant de nouveaux candidats pr\u00eats \u00e0 d\u00e9couvrir les Calanques en rando-trail, toutes les deux semaines!! Si vous \u00eates int\u00e9ress\u00e9s, m\u00eame pour essayer une fois, merci de contacter Mme Vieu: vieu@sainte-trinite.fr A bient\u00f4t sur les sentiers! Fanny Vieu<\/p>\n","protected":false},"author":9,"featured_media":0,"comment_status":"closed","ping_status":"open","sticky":false,"template":"","format":"standard","meta":[],"categories":[24],"tags":[],"_links":{"self":[{"href":"http:\/\/www.sainte-trinite.fr\/blog\/wp-json\/wp\/v2\/posts\/772"}],"collection":[{"href":"http:\/\/www.sainte-trinite.fr\/blog\/wp-json\/wp\/v2\/posts"}],"about":[{"href":"http:\/\/www.sainte-trinite.fr\/blog\/wp-json\/wp\/v2\/types\/post"}],"author":[{"embeddable":true,"href":"http:\/\/www.sainte-trinite.fr\/blog\/wp-json\/wp\/v2\/users\/9"}],"replies":[{"embeddable":true,"href":"http:\/\/www.sainte-trinite.fr\/blog\/wp-json\/wp\/v2\/comments?post=772"}],"version-history":[{"count":1,"href":"http:\/\/www.sainte-trinite.fr\/blog\/wp-json\/wp\/v2\/posts\/772\/revisions"}],"predecessor-version":[{"id":773,"href":"http:\/\/www.sainte-trinite.fr\/blog\/wp-json\/wp\/v2\/posts\/772\/revisions\/773"}],"wp:attachment":[{"href":"http:\/\/www.sainte-trinite.fr\/blog\/wp-json\/wp\/v2\/media?parent=772"}],"wp:term":[{"taxonomy":"category","embeddable":true,"href":"http:\/\/www.sainte-trinite.fr\/blog\/wp-json\/wp\/v2\/categories?post=772"},{"taxonomy":"post_tag","embeddable":true,"href":"http:\/\/www.sainte-trinite.fr\/blog\/wp-json\/wp\/v2\/tags?post=772"}],"curies":[{"name":"wp","href":"https:\/\/api.w.org\/{rel}","templated":true}]}}