{"id":834,"date":"2022-11-26T18:40:01","date_gmt":"2022-11-26T17:40:01","guid":{"rendered":"https:\/\/www.sainte-trinite.fr\/blog\/?p=834"},"modified":"2022-11-26T19:19:51","modified_gmt":"2022-11-26T18:19:51","slug":"lapel-a-decore-letablissement","status":"publish","type":"post","link":"http:\/\/www.sainte-trinite.fr\/blog\/lapel-a-decore-letablissement\/","title":{"rendered":"L&rsquo;APEL a d\u00e9cor\u00e9 l&rsquo;\u00e9tablissement !"},"content":{"rendered":"<p>En pr\u00e9vision des f\u00eates de fin d&rsquo;ann\u00e9e, l&rsquo;APEL a install\u00e9 des d\u00e9corations de No\u00ebl pour que tous les \u00e9l\u00e8ves et membres de Sainte-trinit\u00e9 profitent d&rsquo;une ambiance festive !<\/p>\n<p>Les enfants peuvent m\u00eame \u00e9crire au P\u00e8re No\u00ebl\u00a0 : une boite aux lettres dans le hall d&rsquo;entr\u00e9e, une autre sous le porche de la maternelle (les lutins viendront chercher les lettres le 09\/12, n&rsquo;oublie pas d&rsquo;indiquer ton pr\u00e9nom et ta classe pour recevoir la r\u00e9ponse !)<\/p>\n<p><a href=\"http:\/\/www.sainte-trinite.fr\/blog\/journee-festive-et-solidaire-le-3-12-recolte-de-jouets-apel\/\">Nous vous attendons nombreux pour la collecte de jouets samedi prochain 3 d\u00e9cembre <\/a><\/p>\n<p><img loading=\"lazy\" class=\"alignnone wp-image-835\" src=\"http:\/\/www.sainte-trinite.fr\/blog\/wp-content\/uploads\/2022\/11\/IMG_20221125_154904-196x300.jpg\" alt=\"\" width=\"311\" height=\"476\" srcset=\"http:\/\/www.sainte-trinite.fr\/blog\/wp-content\/uploads\/2022\/11\/IMG_20221125_154904-196x300.jpg 196w, http:\/\/www.sainte-trinite.fr\/blog\/wp-content\/uploads\/2022\/11\/IMG_20221125_154904-669x1024.jpg 669w, http:\/\/www.sainte-trinite.fr\/blog\/wp-content\/uploads\/2022\/11\/IMG_20221125_154904-768x1175.jpg 768w, http:\/\/www.sainte-trinite.fr\/blog\/wp-content\/uploads\/2022\/11\/IMG_20221125_154904-1004x1536.jpg 1004w, http:\/\/www.sainte-trinite.fr\/blog\/wp-content\/uploads\/2022\/11\/IMG_20221125_154904-1338x2048.jpg 1338w, http:\/\/www.sainte-trinite.fr\/blog\/wp-content\/uploads\/2022\/11\/IMG_20221125_154904-1246x1907.jpg 1246w, http:\/\/www.sainte-trinite.fr\/blog\/wp-content\/uploads\/2022\/11\/IMG_20221125_154904-946x1448.jpg 946w, http:\/\/www.sainte-trinite.fr\/blog\/wp-content\/uploads\/2022\/11\/IMG_20221125_154904-675x1033.jpg 675w, http:\/\/www.sainte-trinite.fr\/blog\/wp-content\/uploads\/2022\/11\/IMG_20221125_154904-480x734.jpg 480w, http:\/\/www.sainte-trinite.fr\/blog\/wp-content\/uploads\/2022\/11\/IMG_20221125_154904.jpg 1573w\" sizes=\"(max-width: 311px) 100vw, 311px\" \/><img loading=\"lazy\" class=\"alignnone wp-image-836\" src=\"http:\/\/www.sainte-trinite.fr\/blog\/wp-content\/uploads\/2022\/11\/IMG_20221125_163505-173x300.jpg\" alt=\"\" width=\"270\" height=\"468\" srcset=\"http:\/\/www.sainte-trinite.fr\/blog\/wp-content\/uploads\/2022\/11\/IMG_20221125_163505-173x300.jpg 173w, http:\/\/www.sainte-trinite.fr\/blog\/wp-content\/uploads\/2022\/11\/IMG_20221125_163505-590x1024.jpg 590w, http:\/\/www.sainte-trinite.fr\/blog\/wp-content\/uploads\/2022\/11\/IMG_20221125_163505-768x1332.jpg 768w, http:\/\/www.sainte-trinite.fr\/blog\/wp-content\/uploads\/2022\/11\/IMG_20221125_163505-886x1536.jpg 886w, http:\/\/www.sainte-trinite.fr\/blog\/wp-content\/uploads\/2022\/11\/IMG_20221125_163505-1181x2048.jpg 1181w, http:\/\/www.sainte-trinite.fr\/blog\/wp-content\/uploads\/2022\/11\/IMG_20221125_163505-1246x2161.jpg 1246w, http:\/\/www.sainte-trinite.fr\/blog\/wp-content\/uploads\/2022\/11\/IMG_20221125_163505-946x1641.jpg 946w, http:\/\/www.sainte-trinite.fr\/blog\/wp-content\/uploads\/2022\/11\/IMG_20221125_163505-675x1171.jpg 675w, http:\/\/www.sainte-trinite.fr\/blog\/wp-content\/uploads\/2022\/11\/IMG_20221125_163505-480x832.jpg 480w, http:\/\/www.sainte-trinite.fr\/blog\/wp-content\/uploads\/2022\/11\/IMG_20221125_163505-scaled.jpg 1476w\" sizes=\"(max-width: 270px) 100vw, 270px\" \/><img loading=\"lazy\" class=\"alignnone wp-image-837\" src=\"http:\/\/www.sainte-trinite.fr\/blog\/wp-content\/uploads\/2022\/11\/IMG_20221125_163145-175x300.jpg\" alt=\"\" width=\"274\" height=\"470\" srcset=\"http:\/\/www.sainte-trinite.fr\/blog\/wp-content\/uploads\/2022\/11\/IMG_20221125_163145-175x300.jpg 175w, http:\/\/www.sainte-trinite.fr\/blog\/wp-content\/uploads\/2022\/11\/IMG_20221125_163145-596x1024.jpg 596w, http:\/\/www.sainte-trinite.fr\/blog\/wp-content\/uploads\/2022\/11\/IMG_20221125_163145-768x1319.jpg 768w, http:\/\/www.sainte-trinite.fr\/blog\/wp-content\/uploads\/2022\/11\/IMG_20221125_163145-894x1536.jpg 894w, http:\/\/www.sainte-trinite.fr\/blog\/wp-content\/uploads\/2022\/11\/IMG_20221125_163145-1192x2048.jpg 1192w, http:\/\/www.sainte-trinite.fr\/blog\/wp-content\/uploads\/2022\/11\/IMG_20221125_163145-1246x2141.jpg 1246w, http:\/\/www.sainte-trinite.fr\/blog\/wp-content\/uploads\/2022\/11\/IMG_20221125_163145-946x1625.jpg 946w, http:\/\/www.sainte-trinite.fr\/blog\/wp-content\/uploads\/2022\/11\/IMG_20221125_163145-675x1160.jpg 675w, http:\/\/www.sainte-trinite.fr\/blog\/wp-content\/uploads\/2022\/11\/IMG_20221125_163145-480x825.jpg 480w, http:\/\/www.sainte-trinite.fr\/blog\/wp-content\/uploads\/2022\/11\/IMG_20221125_163145.jpg 1379w\" sizes=\"(max-width: 274px) 100vw, 274px\" \/><img loading=\"lazy\" class=\"alignnone wp-image-838\" src=\"http:\/\/www.sainte-trinite.fr\/blog\/wp-content\/uploads\/2022\/11\/WhatsApp-Image-2022-11-26-at-17.56.41-152x300.jpeg\" alt=\"\" width=\"313\" height=\"618\" srcset=\"http:\/\/www.sainte-trinite.fr\/blog\/wp-content\/uploads\/2022\/11\/WhatsApp-Image-2022-11-26-at-17.56.41-152x300.jpeg 152w, http:\/\/www.sainte-trinite.fr\/blog\/wp-content\/uploads\/2022\/11\/WhatsApp-Image-2022-11-26-at-17.56.41-480x950.jpeg 480w\" sizes=\"(max-width: 313px) 100vw, 313px\" \/><\/p>\n","protected":false},"excerpt":{"rendered":"<p>En pr\u00e9vision des f\u00eates de fin d&rsquo;ann\u00e9e, l&rsquo;APEL a install\u00e9 des d\u00e9corations de No\u00ebl pour que tous les \u00e9l\u00e8ves et membres de Sainte-trinit\u00e9 profitent d&rsquo;une ambiance festive ! Les enfants peuvent m\u00eame \u00e9crire au P\u00e8re No\u00ebl\u00a0 : une boite aux lettres dans le hall d&rsquo;entr\u00e9e, une autre sous le porche de la maternelle (les lutins viendront chercher les lettres le 09\/12, n&rsquo;oublie pas d&rsquo;indiquer ton pr\u00e9nom et ta classe pour recevoir la r\u00e9ponse !) Nous vous attendons nombreux pour la collecte de jouets samedi prochain 3 d\u00e9cembre<\/p>\n","protected":false},"author":4,"featured_media":842,"comment_status":"closed","ping_status":"open","sticky":false,"template":"","format":"standard","meta":[],"categories":[26],"tags":[47],"_links":{"self":[{"href":"http:\/\/www.sainte-trinite.fr\/blog\/wp-json\/wp\/v2\/posts\/834"}],"collection":[{"href":"http:\/\/www.sainte-trinite.fr\/blog\/wp-json\/wp\/v2\/posts"}],"about":[{"href":"http:\/\/www.sainte-trinite.fr\/blog\/wp-json\/wp\/v2\/types\/post"}],"author":[{"embeddable":true,"href":"http:\/\/www.sainte-trinite.fr\/blog\/wp-json\/wp\/v2\/users\/4"}],"replies":[{"embeddable":true,"href":"http:\/\/www.sainte-trinite.fr\/blog\/wp-json\/wp\/v2\/comments?post=834"}],"version-history":[{"count":4,"href":"http:\/\/www.sainte-trinite.fr\/blog\/wp-json\/wp\/v2\/posts\/834\/revisions"}],"predecessor-version":[{"id":844,"href":"http:\/\/www.sainte-trinite.fr\/blog\/wp-json\/wp\/v2\/posts\/834\/revisions\/844"}],"wp:featuredmedia":[{"embeddable":true,"href":"http:\/\/www.sainte-trinite.fr\/blog\/wp-json\/wp\/v2\/media\/842"}],"wp:attachment":[{"href":"http:\/\/www.sainte-trinite.fr\/blog\/wp-json\/wp\/v2\/media?parent=834"}],"wp:term":[{"taxonomy":"category","embeddable":true,"href":"http:\/\/www.sainte-trinite.fr\/blog\/wp-json\/wp\/v2\/categories?post=834"},{"taxonomy":"post_tag","embeddable":true,"href":"http:\/\/www.sainte-trinite.fr\/blog\/wp-json\/wp\/v2\/tags?post=834"}],"curies":[{"name":"wp","href":"https:\/\/api.w.org\/{rel}","templated":true}]}}