{"id":1006,"date":"2023-12-08T09:49:37","date_gmt":"2023-12-08T08:49:37","guid":{"rendered":"http:\/\/www.sainte-trinite.fr\/blog\/?p=1006"},"modified":"2023-12-08T09:54:39","modified_gmt":"2023-12-08T08:54:39","slug":"info-apel-webinaire-comprendre-et-sapproprier-parcoursup-le-12-12","status":"publish","type":"post","link":"https:\/\/www.sainte-trinite.fr\/blog\/info-apel-webinaire-comprendre-et-sapproprier-parcoursup-le-12-12\/","title":{"rendered":"Info APEL : Webinaire \u00ab\u00a0comprendre et s&rsquo;approprier Parcoursup\u00a0\u00bb le 12\/12"},"content":{"rendered":"<p>Votre enfant est concern\u00e9 cette ann\u00e9e par Parcoursup, la plateforme nationale permettant de candidater \u00e0 l\u2019entr\u00e9e dans l\u2019Enseignement sup\u00e9rieur ?<br aria-hidden=\"true\" \/>Vous souhaitez l\u2019accompagner au mieux dans la d\u00e9marche mais vous vous sentez perdu ?<br aria-hidden=\"true\" \/>Rejoignez le premier webinaire de l\u2019ann\u00e9e 2023-2024 \u00ab <strong>Comprendre et s\u2019approprier Parcoursup<\/strong>\u00bb, organis\u00e9 par le service Information et conseil aux familles (ICF) de l\u2019Apel nationale.<\/p>\n<div>\n<p><b>12 DECEMBRE 2023 <\/b><b>DE 18H30 \u00c0 20H<\/b><\/p>\n<p>Pour vous inscrire : <a href=\"https:\/\/webinaireparcoursup2023-webinaireparcoursup.venio.fr\/fr\/package\/22119\/registration\/create\">c&rsquo;est par ici !<\/a><\/p>\n<p>Cette soir\u00e9e vous est propos\u00e9e avec la participation de Monsieur J\u00e9r\u00f4me TEILLARD, chef de projet \u00ab r\u00e9forme de l\u2019acc\u00e8s \u00e0 l\u2019enseignement sup\u00e9rieur-Parcoursup \u00bb au minist\u00e8re de l\u2019enseignement sup\u00e9rieur.<\/p>\n<\/div>\n<p>Pr\u00e9sent\u00e9 par Catherine ROMUALD et anim\u00e9 par H\u00e9l\u00e8ne LAUBIGNAT, membres du bureau national de l\u2019Apel, ce webinaire vous exposera <strong>les \u00e9tapes cl\u00e9s, les grands principes, et des conseils pour aborder sereinement la proc\u00e9dure d\u2019admission post-bac<\/strong>.<\/p>\n<p>Pendant le webinaire, un tchat vous permettra de poser vos questions en direct. Vous avez \u00e9galement la possibilit\u00e9 de nous faire part de vos questions en amont du webinaire. Un formulaire vous sera envoy\u00e9 lors de l&rsquo;accus\u00e9 de r\u00e9ception de cette inscription.<\/p>\n","protected":false},"excerpt":{"rendered":"<p>Votre enfant est concern\u00e9 cette ann\u00e9e par Parcoursup, la plateforme nationale permettant de candidater \u00e0 l\u2019entr\u00e9e dans l\u2019Enseignement sup\u00e9rieur ?Vous souhaitez l\u2019accompagner au mieux dans la d\u00e9marche mais vous vous sentez perdu ?Rejoignez le premier webinaire de l\u2019ann\u00e9e 2023-2024 \u00ab Comprendre et s\u2019approprier Parcoursup\u00bb, organis\u00e9 par le service Information et conseil aux familles (ICF) de l\u2019Apel nationale. 12 DECEMBRE 2023 DE 18H30 \u00c0 20H Pour vous inscrire : c&rsquo;est par ici ! Cette soir\u00e9e vous est propos\u00e9e avec la participation de Monsieur J\u00e9r\u00f4me TEILLARD, chef de projet \u00ab r\u00e9forme de l\u2019acc\u00e8s \u00e0 l\u2019enseignement sup\u00e9rieur-Parcoursup \u00bb au minist\u00e8re de l\u2019enseignement sup\u00e9rieur. Pr\u00e9sent\u00e9 par Catherine ROMUALD et anim\u00e9 par H\u00e9l\u00e8ne LAUBIGNAT, membres du bureau national de l\u2019Apel, ce webinaire vous exposera les \u00e9tapes cl\u00e9s, les grands principes, et des conseils pour aborder sereinement la proc\u00e9dure d\u2019admission post-bac. Pendant le webinaire, un tchat vous permettra de poser vos questions en direct. Vous avez \u00e9galement la possibilit\u00e9 de nous faire part de vos questions en amont du webinaire. Un formulaire vous sera envoy\u00e9 lors de l&rsquo;accus\u00e9 de r\u00e9ception de cette inscription.<\/p>\n","protected":false},"author":4,"featured_media":1007,"comment_status":"closed","ping_status":"open","sticky":false,"template":"","format":"standard","meta":[],"categories":[26],"tags":[48,64],"_links":{"self":[{"href":"https:\/\/www.sainte-trinite.fr\/blog\/wp-json\/wp\/v2\/posts\/1006"}],"collection":[{"href":"https:\/\/www.sainte-trinite.fr\/blog\/wp-json\/wp\/v2\/posts"}],"about":[{"href":"https:\/\/www.sainte-trinite.fr\/blog\/wp-json\/wp\/v2\/types\/post"}],"author":[{"embeddable":true,"href":"https:\/\/www.sainte-trinite.fr\/blog\/wp-json\/wp\/v2\/users\/4"}],"replies":[{"embeddable":true,"href":"https:\/\/www.sainte-trinite.fr\/blog\/wp-json\/wp\/v2\/comments?post=1006"}],"version-history":[{"count":3,"href":"https:\/\/www.sainte-trinite.fr\/blog\/wp-json\/wp\/v2\/posts\/1006\/revisions"}],"predecessor-version":[{"id":1010,"href":"https:\/\/www.sainte-trinite.fr\/blog\/wp-json\/wp\/v2\/posts\/1006\/revisions\/1010"}],"wp:featuredmedia":[{"embeddable":true,"href":"https:\/\/www.sainte-trinite.fr\/blog\/wp-json\/wp\/v2\/media\/1007"}],"wp:attachment":[{"href":"https:\/\/www.sainte-trinite.fr\/blog\/wp-json\/wp\/v2\/media?parent=1006"}],"wp:term":[{"taxonomy":"category","embeddable":true,"href":"https:\/\/www.sainte-trinite.fr\/blog\/wp-json\/wp\/v2\/categories?post=1006"},{"taxonomy":"post_tag","embeddable":true,"href":"https:\/\/www.sainte-trinite.fr\/blog\/wp-json\/wp\/v2\/tags?post=1006"}],"curies":[{"name":"wp","href":"https:\/\/api.w.org\/{rel}","templated":true}]}}