{"id":1164,"date":"2025-02-04T16:03:18","date_gmt":"2025-02-04T15:03:18","guid":{"rendered":"http:\/\/www.sainte-trinite.fr\/blog\/?p=1164"},"modified":"2025-02-04T16:03:18","modified_gmt":"2025-02-04T15:03:18","slug":"formations-secourisme-les-22-et-29-mars-2025-apel","status":"publish","type":"post","link":"https:\/\/www.sainte-trinite.fr\/blog\/formations-secourisme-les-22-et-29-mars-2025-apel\/","title":{"rendered":"Formations secourisme les 22 et 29 mars 2025 (APEL)"},"content":{"rendered":"<p class=\"x_ContentPasted0 x_ContentPasted1\">L&rsquo;APEL organise dans l&rsquo;\u00e9tablissement des s\u00e9ances de <strong>formation au secourisme les samedis 22 et 29 mars,<\/strong> pour les \u00e9l\u00e8ves et les familles qui le souhaitent. Deux formations sont propos\u00e9es. Dur\u00e9e, public, objectifs et tarifs sont pr\u00e9cis\u00e9s ci-dessous, et les programmes sont t\u00e9l\u00e9chargeables ici : <a href=\"http:\/\/www.sainte-trinite.fr\/blog\/wp-content\/uploads\/2022\/10\/prog-GQS.pdf\">prog GQS<\/a> et <a href=\"http:\/\/www.sainte-trinite.fr\/blog\/wp-content\/uploads\/2022\/10\/prog-PSC1.pdf\">prog PSC1.<\/a><\/p>\n<p class=\"x_ContentPasted0 x_ContentPasted1\">Ces formations \u00e9tant payantes, l&rsquo;APEL offre une subvention pour les \u00e9l\u00e8ves scolaris\u00e9s \u00e0 Sainte-Trinit\u00e9.<\/p>\n<p>&nbsp;<\/p>\n<ul style=\"list-style-type: disc;\">\n<li><strong>Si vous \u00eates int\u00e9ress\u00e9s par une formation le 22 mars<\/strong> : date limite d&rsquo;inscription le 14 mars.<\/li>\n<\/ul>\n<p>Infos, horaires et inscription : <a href=\"https:\/\/www.billetweb.fr\/formations-secourisme-22-mars-2025\">sur cette boutique en ligne.<\/a><\/p>\n<p>&nbsp;<\/p>\n<ul style=\"list-style-type: disc;\">\n<li class=\"x_ContentPasted0\"><strong>Si vous \u00eates int\u00e9ress\u00e9s par une formation le 29 mars<\/strong> : date limite d&rsquo;inscription le 21 mars.<\/li>\n<\/ul>\n<p class=\"x_ContentPasted0\">Infos, horaires et inscription : <a href=\"https:\/\/www.billetweb.fr\/formations-secourisme-29-mars-2025\">sur cette autre boutique en ligne.<\/a><\/p>\n<p>&nbsp;<\/p>\n<p><img loading=\"lazy\" class=\"alignnone wp-image-1165\" src=\"http:\/\/www.sainte-trinite.fr\/blog\/wp-content\/uploads\/2025\/02\/Capture-de\u0301cran-2025-02-03-a\u0300-14.26.49-300x206.png\" alt=\"\" width=\"1335\" height=\"917\" srcset=\"https:\/\/www.sainte-trinite.fr\/blog\/wp-content\/uploads\/2025\/02\/Capture-de\u0301cran-2025-02-03-a\u0300-14.26.49-300x206.png 300w, https:\/\/www.sainte-trinite.fr\/blog\/wp-content\/uploads\/2025\/02\/Capture-de\u0301cran-2025-02-03-a\u0300-14.26.49-1024x704.png 1024w, https:\/\/www.sainte-trinite.fr\/blog\/wp-content\/uploads\/2025\/02\/Capture-de\u0301cran-2025-02-03-a\u0300-14.26.49-768x528.png 768w, https:\/\/www.sainte-trinite.fr\/blog\/wp-content\/uploads\/2025\/02\/Capture-de\u0301cran-2025-02-03-a\u0300-14.26.49-1536x1056.png 1536w, https:\/\/www.sainte-trinite.fr\/blog\/wp-content\/uploads\/2025\/02\/Capture-de\u0301cran-2025-02-03-a\u0300-14.26.49-2048x1408.png 2048w, https:\/\/www.sainte-trinite.fr\/blog\/wp-content\/uploads\/2025\/02\/Capture-de\u0301cran-2025-02-03-a\u0300-14.26.49-1246x856.png 1246w, https:\/\/www.sainte-trinite.fr\/blog\/wp-content\/uploads\/2025\/02\/Capture-de\u0301cran-2025-02-03-a\u0300-14.26.49-946x650.png 946w, https:\/\/www.sainte-trinite.fr\/blog\/wp-content\/uploads\/2025\/02\/Capture-de\u0301cran-2025-02-03-a\u0300-14.26.49-675x464.png 675w, https:\/\/www.sainte-trinite.fr\/blog\/wp-content\/uploads\/2025\/02\/Capture-de\u0301cran-2025-02-03-a\u0300-14.26.49-480x330.png 480w\" sizes=\"(max-width: 1335px) 100vw, 1335px\" \/><\/p>\n","protected":false},"excerpt":{"rendered":"<p>L&rsquo;APEL organise dans l&rsquo;\u00e9tablissement des s\u00e9ances de formation au secourisme les samedis 22 et 29 mars, pour les \u00e9l\u00e8ves et les familles qui le souhaitent. Deux formations sont propos\u00e9es. Dur\u00e9e, public, objectifs et tarifs sont pr\u00e9cis\u00e9s ci-dessous, et les programmes sont t\u00e9l\u00e9chargeables ici : prog GQS et prog PSC1. Ces formations \u00e9tant payantes, l&rsquo;APEL offre une subvention pour les \u00e9l\u00e8ves scolaris\u00e9s \u00e0 Sainte-Trinit\u00e9. &nbsp; Si vous \u00eates int\u00e9ress\u00e9s par une formation le 22 mars : date limite d&rsquo;inscription le 14 mars. Infos, horaires et inscription : sur cette boutique en ligne. &nbsp; Si vous \u00eates int\u00e9ress\u00e9s par une formation le 29 mars : date limite d&rsquo;inscription le 21 mars. Infos, horaires et inscription : sur cette autre boutique en ligne. &nbsp;<\/p>\n","protected":false},"author":4,"featured_media":0,"comment_status":"closed","ping_status":"open","sticky":false,"template":"","format":"standard","meta":[],"categories":[26],"tags":[55],"_links":{"self":[{"href":"https:\/\/www.sainte-trinite.fr\/blog\/wp-json\/wp\/v2\/posts\/1164"}],"collection":[{"href":"https:\/\/www.sainte-trinite.fr\/blog\/wp-json\/wp\/v2\/posts"}],"about":[{"href":"https:\/\/www.sainte-trinite.fr\/blog\/wp-json\/wp\/v2\/types\/post"}],"author":[{"embeddable":true,"href":"https:\/\/www.sainte-trinite.fr\/blog\/wp-json\/wp\/v2\/users\/4"}],"replies":[{"embeddable":true,"href":"https:\/\/www.sainte-trinite.fr\/blog\/wp-json\/wp\/v2\/comments?post=1164"}],"version-history":[{"count":4,"href":"https:\/\/www.sainte-trinite.fr\/blog\/wp-json\/wp\/v2\/posts\/1164\/revisions"}],"predecessor-version":[{"id":1177,"href":"https:\/\/www.sainte-trinite.fr\/blog\/wp-json\/wp\/v2\/posts\/1164\/revisions\/1177"}],"wp:attachment":[{"href":"https:\/\/www.sainte-trinite.fr\/blog\/wp-json\/wp\/v2\/media?parent=1164"}],"wp:term":[{"taxonomy":"category","embeddable":true,"href":"https:\/\/www.sainte-trinite.fr\/blog\/wp-json\/wp\/v2\/categories?post=1164"},{"taxonomy":"post_tag","embeddable":true,"href":"https:\/\/www.sainte-trinite.fr\/blog\/wp-json\/wp\/v2\/tags?post=1164"}],"curies":[{"name":"wp","href":"https:\/\/api.w.org\/{rel}","templated":true}]}}