{"id":1181,"date":"2025-05-04T13:04:44","date_gmt":"2025-05-04T11:04:44","guid":{"rendered":"https:\/\/www.sainte-trinite.fr\/blog\/?p=1181"},"modified":"2025-05-04T13:09:10","modified_gmt":"2025-05-04T11:09:10","slug":"kermesse-le-samedi-21-juin-save-the-date","status":"publish","type":"post","link":"https:\/\/www.sainte-trinite.fr\/blog\/kermesse-le-samedi-21-juin-save-the-date\/","title":{"rendered":"Kermesse le samedi 21 juin : save the date !"},"content":{"rendered":"<p>Cette ann\u00e9e, la kermesse aura lieu le <strong>samedi 21 juin, de 11h30 \u00e0 18h<\/strong> (juste apr\u00e8s le spectacle du primaire). Toute l\u2019\u00e9quipe APEL esp\u00e8re vous y retrouver nombreux et nombreuses !<\/p>\n<p>Pour que la kermesse soit possible, la participation des parents\/grands-parents\/grands fr\u00e8res\/grandes s\u0153urs\u2026 sera bienvenue pour permettre la tenue des stands de jeux. Si vous \u00eates <strong>volontaires pour aider<\/strong> pendant la kermesse, ou pour installer, merci de <a href=\"https:\/\/forms.gle\/8z7JhpzYQLrqvXkd9\">cliquer ici pour nous indiquer vos disponibilit\u00e9s<\/a>. \u00a0N\u2019h\u00e9sitez pas \u00e0 vous organiser \u00e0 plusieurs parents pour que certains s\u2019occupent des enfants pendant que d\u2019autres aident \u00e0 tenir les stands !<\/p>\n<p>Nous comptons aussi sur votre participation pour garnir le stand de <strong>g\u00e2teaux<\/strong> \u00e0 la buvette ! (les g\u00e2teaux seront \u00e0 apporter le jour-m\u00eame).<\/p>\n<p>Lors de la kermesse, tous les achats (pour les jeux, boissons etc\u2026) se font en jetons (<strong>1 jeton = 1 \u20ac<\/strong>). De plus, comme les ann\u00e9es pr\u00e9c\u00e9dentes, les canettes et bouteilles seront consign\u00e9es (pour une valeur de 1 jeton) afin d&rsquo;\u00eatre recycl\u00e9es. Les jetons seront en vente \u00e0 la kermesse (paiement en esp\u00e8ce ou CB). Pour \u00e9viter les files d\u2019attente, une <strong>pr\u00e9vente sera organis\u00e9e en juin<\/strong> (en ligne, ou en classe aupr\u00e8s des ma\u00eetresses).<\/p>\n<p>L&rsquo;entr\u00e9e de la kermesse est r\u00e9serv\u00e9e aux \u00e9l\u00e8ves de l&rsquo;Institution Sainte-Trinit\u00e9 et \u00e0 leurs proches. Pour <strong>s\u00e9curiser l&rsquo;entr\u00e9e de la kermesse<\/strong> (en ligne avec le niveau actuel des mesures Vigipirate), toutes les personnes qui entreront \u00e0 partir de 11h30 devront se pr\u00e9senter avec un billet d&rsquo;acc\u00e8s, dont le QR code sera scann\u00e9 par un membre APEL. Une boutique en ligne pour g\u00e9n\u00e9rer (gratuitement) vos billets avec QR code sera disponible en juin.<\/p>\n<p>Enfin, nous vous rappelons que les jeunes enfants resteront <strong>sous la responsabilit\u00e9 des adultes<\/strong> qui les accompagnent pendant toute la kermesse (y compris aux stands de jeux et de gonflables), et que les coll\u00e9giens et lyc\u00e9ens devront montrer un <strong>comportement respectueux<\/strong> et suivre les consignes donn\u00e9es par les membres APEL organisateurs.<\/p>\n<p>&nbsp;<\/p>\n<p><img loading=\"lazy\" class=\"wp-image-1182 aligncenter\" src=\"http:\/\/www.sainte-trinite.fr\/blog\/wp-content\/uploads\/2025\/05\/Capture-de\u0301cran-2025-05-04-a\u0300-12.44.50-212x300.png\" alt=\"\" width=\"550\" height=\"778\" srcset=\"https:\/\/www.sainte-trinite.fr\/blog\/wp-content\/uploads\/2025\/05\/Capture-de\u0301cran-2025-05-04-a\u0300-12.44.50-212x300.png 212w, https:\/\/www.sainte-trinite.fr\/blog\/wp-content\/uploads\/2025\/05\/Capture-de\u0301cran-2025-05-04-a\u0300-12.44.50-724x1024.png 724w, https:\/\/www.sainte-trinite.fr\/blog\/wp-content\/uploads\/2025\/05\/Capture-de\u0301cran-2025-05-04-a\u0300-12.44.50-768x1087.png 768w, https:\/\/www.sainte-trinite.fr\/blog\/wp-content\/uploads\/2025\/05\/Capture-de\u0301cran-2025-05-04-a\u0300-12.44.50-675x955.png 675w, https:\/\/www.sainte-trinite.fr\/blog\/wp-content\/uploads\/2025\/05\/Capture-de\u0301cran-2025-05-04-a\u0300-12.44.50-480x679.png 480w, https:\/\/www.sainte-trinite.fr\/blog\/wp-content\/uploads\/2025\/05\/Capture-de\u0301cran-2025-05-04-a\u0300-12.44.50.png 814w\" sizes=\"(max-width: 550px) 100vw, 550px\" \/><\/p>\n","protected":false},"excerpt":{"rendered":"<p>Cette ann\u00e9e, la kermesse aura lieu le samedi 21 juin, de 11h30 \u00e0 18h (juste apr\u00e8s le spectacle du primaire). Toute l\u2019\u00e9quipe APEL esp\u00e8re vous y retrouver nombreux et nombreuses ! Pour que la kermesse soit possible, la participation des parents\/grands-parents\/grands fr\u00e8res\/grandes s\u0153urs\u2026 sera bienvenue pour permettre la tenue des stands de jeux. Si vous \u00eates volontaires pour aider pendant la kermesse, ou pour installer, merci de cliquer ici pour nous indiquer vos disponibilit\u00e9s. \u00a0N\u2019h\u00e9sitez pas \u00e0 vous organiser \u00e0 plusieurs parents pour que certains s\u2019occupent des enfants pendant que d\u2019autres aident \u00e0 tenir les stands ! Nous comptons aussi sur votre participation pour garnir le stand de g\u00e2teaux \u00e0 la buvette ! (les g\u00e2teaux seront \u00e0 apporter le jour-m\u00eame). Lors de la kermesse, tous les achats (pour les jeux, boissons etc\u2026) se font en jetons (1 jeton = 1 \u20ac). De plus, comme les ann\u00e9es pr\u00e9c\u00e9dentes, les canettes et bouteilles seront consign\u00e9es (pour une valeur de 1 jeton) afin d&rsquo;\u00eatre recycl\u00e9es. Les jetons seront en vente \u00e0 la kermesse (paiement en esp\u00e8ce ou CB). Pour \u00e9viter les files d\u2019attente, une pr\u00e9vente sera organis\u00e9e en juin (en ligne, ou en classe aupr\u00e8s des ma\u00eetresses). L&rsquo;entr\u00e9e de la kermesse est r\u00e9serv\u00e9e&#8230; <span class=\"gridview-grid-post-read-more\"><a href=\"https:\/\/www.sainte-trinite.fr\/blog\/kermesse-le-samedi-21-juin-save-the-date\/\">En savoir +<span class=\"screen-reader-text\"> Kermesse le samedi 21 juin : save the date !<\/span><\/a><\/span><\/p>\n","protected":false},"author":4,"featured_media":1185,"comment_status":"closed","ping_status":"open","sticky":false,"template":"","format":"standard","meta":[],"categories":[26],"tags":[60],"_links":{"self":[{"href":"https:\/\/www.sainte-trinite.fr\/blog\/wp-json\/wp\/v2\/posts\/1181"}],"collection":[{"href":"https:\/\/www.sainte-trinite.fr\/blog\/wp-json\/wp\/v2\/posts"}],"about":[{"href":"https:\/\/www.sainte-trinite.fr\/blog\/wp-json\/wp\/v2\/types\/post"}],"author":[{"embeddable":true,"href":"https:\/\/www.sainte-trinite.fr\/blog\/wp-json\/wp\/v2\/users\/4"}],"replies":[{"embeddable":true,"href":"https:\/\/www.sainte-trinite.fr\/blog\/wp-json\/wp\/v2\/comments?post=1181"}],"version-history":[{"count":3,"href":"https:\/\/www.sainte-trinite.fr\/blog\/wp-json\/wp\/v2\/posts\/1181\/revisions"}],"predecessor-version":[{"id":1186,"href":"https:\/\/www.sainte-trinite.fr\/blog\/wp-json\/wp\/v2\/posts\/1181\/revisions\/1186"}],"wp:featuredmedia":[{"embeddable":true,"href":"https:\/\/www.sainte-trinite.fr\/blog\/wp-json\/wp\/v2\/media\/1185"}],"wp:attachment":[{"href":"https:\/\/www.sainte-trinite.fr\/blog\/wp-json\/wp\/v2\/media?parent=1181"}],"wp:term":[{"taxonomy":"category","embeddable":true,"href":"https:\/\/www.sainte-trinite.fr\/blog\/wp-json\/wp\/v2\/categories?post=1181"},{"taxonomy":"post_tag","embeddable":true,"href":"https:\/\/www.sainte-trinite.fr\/blog\/wp-json\/wp\/v2\/tags?post=1181"}],"curies":[{"name":"wp","href":"https:\/\/api.w.org\/{rel}","templated":true}]}}