{"id":454,"date":"2021-12-06T14:15:05","date_gmt":"2021-12-06T13:15:05","guid":{"rendered":"http:\/\/www.sainte-trinite.fr\/blog\/?p=454"},"modified":"2021-12-06T14:15:05","modified_gmt":"2021-12-06T13:15:05","slug":"apel-succes-et-prolongation-pour-la-collecte-de-jouets","status":"publish","type":"post","link":"https:\/\/www.sainte-trinite.fr\/blog\/apel-succes-et-prolongation-pour-la-collecte-de-jouets\/","title":{"rendered":"APEL : succ\u00e8s et prolongation pour la collecte de jouets"},"content":{"rendered":"<div><i>L&rsquo;APEL remercie chaleureusement les familles qui ont apport\u00e9 des jouets ou livres lors de la collecte solidaire samedi dernier (ci-dessous : un petit aper\u00e7u du volume r\u00e9colt\u00e9 en photo). L&rsquo;APEL remercie \u00e9galement le P\u00e8re No\u00ebl d&rsquo;avoir fait le d\u00e9placement depuis le P\u00f4le Nord !<\/i><\/div>\n<div><\/div>\n<div><i>Les familles retardataires qui souhaiteraient apporter encore quelques dons peuvent les d\u00e9poser \u00e0 l&rsquo;accueil de l&rsquo;\u00e9tablissement, ou en maternelle, jusqu&rsquo;au mercredi 15 d\u00e9cembre.<\/i><\/div>\n<p>&nbsp;<\/p>\n<p><img loading=\"lazy\" class=\"alignnone size-medium wp-image-453\" src=\"http:\/\/www.sainte-trinite.fr\/blog\/wp-content\/uploads\/2021\/12\/IMG-20211204-WA0006-300x154.jpg\" alt=\"\" width=\"300\" height=\"154\" srcset=\"https:\/\/www.sainte-trinite.fr\/blog\/wp-content\/uploads\/2021\/12\/IMG-20211204-WA0006-300x154.jpg 300w, https:\/\/www.sainte-trinite.fr\/blog\/wp-content\/uploads\/2021\/12\/IMG-20211204-WA0006-1024x527.jpg 1024w, https:\/\/www.sainte-trinite.fr\/blog\/wp-content\/uploads\/2021\/12\/IMG-20211204-WA0006-768x395.jpg 768w, https:\/\/www.sainte-trinite.fr\/blog\/wp-content\/uploads\/2021\/12\/IMG-20211204-WA0006-1536x790.jpg 1536w, https:\/\/www.sainte-trinite.fr\/blog\/wp-content\/uploads\/2021\/12\/IMG-20211204-WA0006-1246x641.jpg 1246w, https:\/\/www.sainte-trinite.fr\/blog\/wp-content\/uploads\/2021\/12\/IMG-20211204-WA0006-946x486.jpg 946w, https:\/\/www.sainte-trinite.fr\/blog\/wp-content\/uploads\/2021\/12\/IMG-20211204-WA0006-675x347.jpg 675w, https:\/\/www.sainte-trinite.fr\/blog\/wp-content\/uploads\/2021\/12\/IMG-20211204-WA0006-480x247.jpg 480w, https:\/\/www.sainte-trinite.fr\/blog\/wp-content\/uploads\/2021\/12\/IMG-20211204-WA0006.jpg 1542w\" sizes=\"(max-width: 300px) 100vw, 300px\" \/><\/p>\n<p>&nbsp;<\/p>\n<p>&nbsp;<\/p>\n","protected":false},"excerpt":{"rendered":"<p>L&rsquo;APEL remercie chaleureusement les familles qui ont apport\u00e9 des jouets ou livres lors de la collecte solidaire samedi dernier (ci-dessous : un petit aper\u00e7u du volume r\u00e9colt\u00e9 en photo). L&rsquo;APEL remercie \u00e9galement le P\u00e8re No\u00ebl d&rsquo;avoir fait le d\u00e9placement depuis le P\u00f4le Nord ! Les familles retardataires qui souhaiteraient apporter encore quelques dons peuvent les d\u00e9poser \u00e0 l&rsquo;accueil de l&rsquo;\u00e9tablissement, ou en maternelle, jusqu&rsquo;au mercredi 15 d\u00e9cembre. &nbsp; &nbsp; &nbsp;<\/p>\n","protected":false},"author":4,"featured_media":452,"comment_status":"closed","ping_status":"open","sticky":false,"template":"","format":"standard","meta":[],"categories":[26],"tags":[47],"_links":{"self":[{"href":"https:\/\/www.sainte-trinite.fr\/blog\/wp-json\/wp\/v2\/posts\/454"}],"collection":[{"href":"https:\/\/www.sainte-trinite.fr\/blog\/wp-json\/wp\/v2\/posts"}],"about":[{"href":"https:\/\/www.sainte-trinite.fr\/blog\/wp-json\/wp\/v2\/types\/post"}],"author":[{"embeddable":true,"href":"https:\/\/www.sainte-trinite.fr\/blog\/wp-json\/wp\/v2\/users\/4"}],"replies":[{"embeddable":true,"href":"https:\/\/www.sainte-trinite.fr\/blog\/wp-json\/wp\/v2\/comments?post=454"}],"version-history":[{"count":4,"href":"https:\/\/www.sainte-trinite.fr\/blog\/wp-json\/wp\/v2\/posts\/454\/revisions"}],"predecessor-version":[{"id":458,"href":"https:\/\/www.sainte-trinite.fr\/blog\/wp-json\/wp\/v2\/posts\/454\/revisions\/458"}],"wp:featuredmedia":[{"embeddable":true,"href":"https:\/\/www.sainte-trinite.fr\/blog\/wp-json\/wp\/v2\/media\/452"}],"wp:attachment":[{"href":"https:\/\/www.sainte-trinite.fr\/blog\/wp-json\/wp\/v2\/media?parent=454"}],"wp:term":[{"taxonomy":"category","embeddable":true,"href":"https:\/\/www.sainte-trinite.fr\/blog\/wp-json\/wp\/v2\/categories?post=454"},{"taxonomy":"post_tag","embeddable":true,"href":"https:\/\/www.sainte-trinite.fr\/blog\/wp-json\/wp\/v2\/tags?post=454"}],"curies":[{"name":"wp","href":"https:\/\/api.w.org\/{rel}","templated":true}]}}