{"id":963,"date":"2023-10-02T11:32:45","date_gmt":"2023-10-02T09:32:45","guid":{"rendered":"http:\/\/www.sainte-trinite.fr\/blog\/?p=963"},"modified":"2023-10-02T12:37:12","modified_gmt":"2023-10-02T10:37:12","slug":"assemblee-generale-de-lapel-le-vendredi-6-octobre","status":"publish","type":"post","link":"https:\/\/www.sainte-trinite.fr\/blog\/assemblee-generale-de-lapel-le-vendredi-6-octobre\/","title":{"rendered":"Assembl\u00e9e G\u00e9n\u00e9rale de l&rsquo;APEL le vendredi 6 octobre"},"content":{"rendered":"<p><img loading=\"lazy\" class=\"alignnone wp-image-964\" src=\"http:\/\/www.sainte-trinite.fr\/blog\/wp-content\/uploads\/2023\/10\/Capture-de\u0301cran-2023-10-02-a\u0300-11.31.29-223x300.png\" alt=\"\" width=\"638\" height=\"858\" srcset=\"https:\/\/www.sainte-trinite.fr\/blog\/wp-content\/uploads\/2023\/10\/Capture-de\u0301cran-2023-10-02-a\u0300-11.31.29-223x300.png 223w, https:\/\/www.sainte-trinite.fr\/blog\/wp-content\/uploads\/2023\/10\/Capture-de\u0301cran-2023-10-02-a\u0300-11.31.29-761x1024.png 761w, https:\/\/www.sainte-trinite.fr\/blog\/wp-content\/uploads\/2023\/10\/Capture-de\u0301cran-2023-10-02-a\u0300-11.31.29-768x1033.png 768w, https:\/\/www.sainte-trinite.fr\/blog\/wp-content\/uploads\/2023\/10\/Capture-de\u0301cran-2023-10-02-a\u0300-11.31.29-946x1273.png 946w, https:\/\/www.sainte-trinite.fr\/blog\/wp-content\/uploads\/2023\/10\/Capture-de\u0301cran-2023-10-02-a\u0300-11.31.29-675x908.png 675w, https:\/\/www.sainte-trinite.fr\/blog\/wp-content\/uploads\/2023\/10\/Capture-de\u0301cran-2023-10-02-a\u0300-11.31.29-480x646.png 480w, https:\/\/www.sainte-trinite.fr\/blog\/wp-content\/uploads\/2023\/10\/Capture-de\u0301cran-2023-10-02-a\u0300-11.31.29.png 1072w\" sizes=\"(max-width: 638px) 100vw, 638px\" \/><\/p>\n","protected":false},"excerpt":{"rendered":"","protected":false},"author":4,"featured_media":0,"comment_status":"closed","ping_status":"open","sticky":false,"template":"","format":"standard","meta":[],"categories":[26,1],"tags":[],"_links":{"self":[{"href":"https:\/\/www.sainte-trinite.fr\/blog\/wp-json\/wp\/v2\/posts\/963"}],"collection":[{"href":"https:\/\/www.sainte-trinite.fr\/blog\/wp-json\/wp\/v2\/posts"}],"about":[{"href":"https:\/\/www.sainte-trinite.fr\/blog\/wp-json\/wp\/v2\/types\/post"}],"author":[{"embeddable":true,"href":"https:\/\/www.sainte-trinite.fr\/blog\/wp-json\/wp\/v2\/users\/4"}],"replies":[{"embeddable":true,"href":"https:\/\/www.sainte-trinite.fr\/blog\/wp-json\/wp\/v2\/comments?post=963"}],"version-history":[{"count":2,"href":"https:\/\/www.sainte-trinite.fr\/blog\/wp-json\/wp\/v2\/posts\/963\/revisions"}],"predecessor-version":[{"id":967,"href":"https:\/\/www.sainte-trinite.fr\/blog\/wp-json\/wp\/v2\/posts\/963\/revisions\/967"}],"wp:attachment":[{"href":"https:\/\/www.sainte-trinite.fr\/blog\/wp-json\/wp\/v2\/media?parent=963"}],"wp:term":[{"taxonomy":"category","embeddable":true,"href":"https:\/\/www.sainte-trinite.fr\/blog\/wp-json\/wp\/v2\/categories?post=963"},{"taxonomy":"post_tag","embeddable":true,"href":"https:\/\/www.sainte-trinite.fr\/blog\/wp-json\/wp\/v2\/tags?post=963"}],"curies":[{"name":"wp","href":"https:\/\/api.w.org\/{rel}","templated":true}]}}